{"id":479,"date":"2011-04-26T22:35:00","date_gmt":"2011-04-26T22:35:00","guid":{"rendered":"http:\/\/www.toque-musicall.com\/?p=479"},"modified":"2011-04-26T22:35:00","modified_gmt":"2011-04-26T22:35:00","slug":"abel-ferreira-no-tempo-do-cabare-1975","status":"publish","type":"post","link":"https:\/\/www.toque-musicall.com\/?p=479","title":{"rendered":"Abel Ferreira &#8211; No Tempo Do Cabar\u00e9 (1975)"},"content":{"rendered":"<div style=\"clear: both; text-align: center;\"><a href=\"http:\/\/3.bp.blogspot.com\/-m0HzeFG2gwU\/TbaeQ1D3RXI\/AAAAAAAAH-I\/s99t0LWRNCE\/s1600\/abel+ferreira+P.JPG\" style=\"margin-left: 1em; margin-right: 1em;\"><img loading=\"lazy\" decoding=\"async\" border=\"0\" height=\"400\" src=\"http:\/\/3.bp.blogspot.com\/-m0HzeFG2gwU\/TbaeQ1D3RXI\/AAAAAAAAH-I\/s99t0LWRNCE\/s400\/abel+ferreira+P.JPG\" width=\"393\" \/><\/a>\u00a0<\/div>\n<div style=\"clear: both; text-align: left;\">Enquanto fa\u00e7o o meu lanche da tarde, aproveito tamb\u00e9m para fazer a postagem do dia. Reservei para hoje um disco bacana, que certamente ir\u00e1 agradar \u00e0 cultos e ocultos. Temos aqui Abel Ferreira e seu conjunto trazendo de volta os bons tempos dos cabar\u00e9s.<\/div>\n<div style=\"clear: both; text-align: left;\">Lan\u00e7ado em 1975, este \u00e1lbum veio numa onda de &#8216;revival&#8217;, quando os cabar\u00e9s dos anos 30 e 40 tornaram-se pano de fundo e temas recorrentes para muitas produ\u00e7\u00f5es, principalmente as televisivas. A CID &#8211; Companhia Industrial de Discos n\u00e3o perdeu tempo e logo veio com este excelente \u00e1lbum. Temos aqui o clarinetista Abel Ferreira com seu grupo, numa forma\u00e7\u00e3o t\u00edpica e ao estilo dos conjuntos que tocavam em cabar\u00e9s. O repert\u00f3rio, cheio de cl\u00e1ssicos \u00e9 bem apropriado, fiel inclusive nos arranjos criados por Abel. Ele toca clarinete, saxofone e tamb\u00e9m canta. Ta\u00ed, um disquinho gostoso de ouvir&#8230;\u00a0<\/div>\n<div style=\"clear: both; text-align: left;\"><\/div>\n<div style=\"clear: both; text-align: center;\">gosto que me enrosco<\/div>\n<div style=\"clear: both; text-align: center;\">corta jaca<\/div>\n<div style=\"clear: both; text-align: center;\">tat\u00fa subiu no pau<\/div>\n<div style=\"clear: both; text-align: center;\">polquinha mineira<\/div>\n<div style=\"clear: both; text-align: center;\">rato, rato&#8230;<\/div>\n<div style=\"clear: both; text-align: center;\">brejeiro<\/div>\n<div style=\"clear: both; text-align: center;\">seu rafael<\/div>\n<div style=\"clear: both; text-align: center;\">limpa banco<\/div>\n<div style=\"clear: both; text-align: center;\">cristo nasceu na bahia<\/div>\n<div style=\"clear: both; text-align: center;\">o p\u00e9 de anjo &#8211; ta\u00ed! (pra voc\u00ea gostar de mim)<\/div>\n<div style=\"clear: both; text-align: center;\">d\u00e1 nela &#8211; segura esta mulher<\/div>\n<div style=\"clear: both; text-align: center;\">pelo telefone<\/div>\n<div style=\"clear: both; text-align: center;\">tango da meia noite<\/div>\n<div style=\"clear: both; text-align: center;\"><\/div>\n<div style=\"clear: both; text-align: left;\">PS: Putz! esqueci de publicar&#8230;<\/div>\n","protected":false},"excerpt":{"rendered":"<p>\u00a0 Enquanto fa\u00e7o o meu lanche da tarde, aproveito tamb\u00e9m para fazer a postagem do dia. Reservei para hoje um disco bacana, que certamente ir\u00e1 agradar \u00e0 cultos e ocultos. Temos aqui Abel Ferreira e seu conjunto trazendo de volta &hellip; <a href=\"https:\/\/www.toque-musicall.com\/?p=479\">Continue lendo <span class=\"meta-nav\">&rarr;<\/span><\/a><\/p>\n","protected":false},"author":1,"featured_media":0,"comment_status":"open","ping_status":"closed","sticky":false,"template":"","format":"standard","meta":{"footnotes":""},"categories":[125,345],"tags":[],"class_list":["post-479","post","type-post","status-publish","format-standard","hentry","category-abel-ferreira","category-selo-cid"],"_links":{"self":[{"href":"https:\/\/www.toque-musicall.com\/index.php?rest_route=\/wp\/v2\/posts\/479","targetHints":{"allow":["GET"]}}],"collection":[{"href":"https:\/\/www.toque-musicall.com\/index.php?rest_route=\/wp\/v2\/posts"}],"about":[{"href":"https:\/\/www.toque-musicall.com\/index.php?rest_route=\/wp\/v2\/types\/post"}],"author":[{"embeddable":true,"href":"https:\/\/www.toque-musicall.com\/index.php?rest_route=\/wp\/v2\/users\/1"}],"replies":[{"embeddable":true,"href":"https:\/\/www.toque-musicall.com\/index.php?rest_route=%2Fwp%2Fv2%2Fcomments&post=479"}],"version-history":[{"count":0,"href":"https:\/\/www.toque-musicall.com\/index.php?rest_route=\/wp\/v2\/posts\/479\/revisions"}],"wp:attachment":[{"href":"https:\/\/www.toque-musicall.com\/index.php?rest_route=%2Fwp%2Fv2%2Fmedia&parent=479"}],"wp:term":[{"taxonomy":"category","embeddable":true,"href":"https:\/\/www.toque-musicall.com\/index.php?rest_route=%2Fwp%2Fv2%2Fcategories&post=479"},{"taxonomy":"post_tag","embeddable":true,"href":"https:\/\/www.toque-musicall.com\/index.php?rest_route=%2Fwp%2Fv2%2Ftags&post=479"}],"curies":[{"name":"wp","href":"https:\/\/api.w.org\/{rel}","templated":true}]}}