{"id":4793,"date":"2015-02-22T23:18:15","date_gmt":"2015-02-23T02:18:15","guid":{"rendered":"http:\/\/www.toque-musicall.com\/?p=4793"},"modified":"2015-02-22T23:24:39","modified_gmt":"2015-02-23T02:24:39","slug":"dimensao-5-1979","status":"publish","type":"post","link":"https:\/\/www.toque-musicall.com\/?p=4793","title":{"rendered":"Dimens\u00e3o 5 (1979)"},"content":{"rendered":"<p><img loading=\"lazy\" decoding=\"async\" class=\"aligncenter\" alt=\"\" src=\"http:\/\/2.bp.blogspot.com\/-9J_-chZWyAk\/VOprQ2ye7cI\/AAAAAAAALKk\/EbEhXCdWRwE\/s1600\/capap.JPG\" width=\"1000\" height=\"983\" \/><img loading=\"lazy\" decoding=\"async\" class=\"aligncenter\" alt=\"\" src=\"http:\/\/4.bp.blogspot.com\/-IYy6ES_UWaQ\/VOprXVQitFI\/AAAAAAAALKs\/_s24lFzpZdg\/s1600\/contrap.JPG\" width=\"1591\" height=\"1600\" \/>Boa noite, meus amigos cultos e ocultos! Hoje, domingo, tomei o dia para tentar por ordem em minha bagun\u00e7a musical. De uns tempos pra c\u00e1 eu tenho andado meio relapso com meus discos, meus arquivos e todo o meu acervo digital. As coisa v\u00e3o se acumulando, quando a gente v\u00ea, d\u00e1 um desanimo ter que arrumar tudo&#8230; Estou aqui com uma centena de discos que ganhei recentemente e j\u00e1 comecei a fazer confus\u00e3o. Creio que o disco de hoje foi uma colabora\u00e7\u00e3o do amigo F\u00e1res.<br \/>\nTemos aqui o conjunto Dimens\u00e3o 5, um grupo formado nos anos 60. Figura como uma banda da cena Jovem Guarda, por\u00e9m o seu sucesso se limitou a S\u00e3o Paulo, na regi\u00e3o de Moema, onde eles surgiram. Pelo pouco que sei, o Dimens\u00e3o 5 atuou muito em shows, em clubes. Eram considerados um dos melhores conjuntos de baile. Devem ter ganhado um bom dinheiro, pois conseguiram se instrumentar com os melhores equipamentos da \u00e9poca. Investiam pesado na produ\u00e7\u00e3o de seus show. Tinha at\u00e9 um caminh\u00e3o para transportar os equipamentos. Se mantiveram ativos at\u00e9 por quase tr\u00eas d\u00e9cadas e ainda hoje o esp\u00edrito do grupo se mant\u00e9m aceso numa p\u00e1gina do facebook. Ao que parece, o Dimens\u00e3o 5 s\u00f3 gravou este lp, de 1979. Antes por\u00e9m gravaram um compacto, no final dos anos 60 ou inicio dos 70. Em 1973 eles gravam um compacto para a Top Tape, atrav\u00e9s do selo One Way (aquele que produzia artistas nacionais como se fossem estrangeiros) com o nome de Nathan Jones Goup. A m\u00fasica foi &#8220;I&#8217;ve been around&#8221;, sucesso que fez parte da trilha da novela O Bem Amado.<br \/>\nNo presente lp, temos um conjunto bem resolvido. M\u00fasicos entrosados, composi\u00e7\u00f5es e arranjos bem feitos. S\u00e3o doze faixas entre autorais (em sua maioria do baterista, Francis) e de outros autores, com destaque para um esp\u00e9cie de &#8216;pot pourri&#8217; de m\u00fasicas de Toquinho e Vin\u00edcius e tamb\u00e9m Chico Buarque.<br \/>\nApesar de ter ouvido o disco apenas umas duas vezes, posso dizer que gostei do trabalho, \u00e9 bem anos 70. Confira<a href=\"http:\/\/depositfiles.org\/files\/ho78m0wy7\" target=\"_blank\">m<\/a>&#8230;<\/p>\n<div style=\"text-align: center;\">yesterday, today, tomorrow<\/div>\n<div style=\"text-align: center;\">porque?<\/div>\n<div style=\"text-align: center;\">alguma coisa nova<\/div>\n<div style=\"text-align: center;\">n\u00e3o tenho tudo que amo<\/div>\n<div style=\"text-align: center;\">tarde em itapo\u00e3 &#8211; regra tr\u00eas &#8211; meu pai oxal\u00e1<\/div>\n<div style=\"text-align: center;\">cotidiano<\/div>\n<div style=\"text-align: center;\">devagar tamb\u00e9m \u00e9 pressa<\/div>\n<div style=\"text-align: center;\">fora de hora<\/div>\n<div style=\"text-align: center;\">apesar de voc\u00ea<\/div>\n<div style=\"text-align: center;\">menina<\/div>\n<div style=\"text-align: center;\">sob a luz de um olhar<\/div>\n<div style=\"text-align: center;\">homenagem ao malandro<\/div>\n<div style=\"text-align: center;\">.<\/div>\n<p style=\"text-align: center;\">\n","protected":false},"excerpt":{"rendered":"<p>Boa noite, meus amigos cultos e ocultos! Hoje, domingo, tomei o dia para tentar por ordem em minha bagun\u00e7a musical. De uns tempos pra c\u00e1 eu tenho andado meio relapso com meus discos, meus arquivos e todo o meu acervo &hellip; <a href=\"https:\/\/www.toque-musicall.com\/?p=4793\">Continue lendo <span class=\"meta-nav\">&rarr;<\/span><\/a><\/p>\n","protected":false},"author":1,"featured_media":0,"comment_status":"open","ping_status":"closed","sticky":false,"template":"","format":"standard","meta":{"footnotes":""},"categories":[2526,673],"tags":[],"class_list":["post-4793","post","type-post","status-publish","format-standard","hentry","category-dimensao-5","category-selo-arlequim"],"_links":{"self":[{"href":"https:\/\/www.toque-musicall.com\/index.php?rest_route=\/wp\/v2\/posts\/4793","targetHints":{"allow":["GET"]}}],"collection":[{"href":"https:\/\/www.toque-musicall.com\/index.php?rest_route=\/wp\/v2\/posts"}],"about":[{"href":"https:\/\/www.toque-musicall.com\/index.php?rest_route=\/wp\/v2\/types\/post"}],"author":[{"embeddable":true,"href":"https:\/\/www.toque-musicall.com\/index.php?rest_route=\/wp\/v2\/users\/1"}],"replies":[{"embeddable":true,"href":"https:\/\/www.toque-musicall.com\/index.php?rest_route=%2Fwp%2Fv2%2Fcomments&post=4793"}],"version-history":[{"count":3,"href":"https:\/\/www.toque-musicall.com\/index.php?rest_route=\/wp\/v2\/posts\/4793\/revisions"}],"predecessor-version":[{"id":4796,"href":"https:\/\/www.toque-musicall.com\/index.php?rest_route=\/wp\/v2\/posts\/4793\/revisions\/4796"}],"wp:attachment":[{"href":"https:\/\/www.toque-musicall.com\/index.php?rest_route=%2Fwp%2Fv2%2Fmedia&parent=4793"}],"wp:term":[{"taxonomy":"category","embeddable":true,"href":"https:\/\/www.toque-musicall.com\/index.php?rest_route=%2Fwp%2Fv2%2Fcategories&post=4793"},{"taxonomy":"post_tag","embeddable":true,"href":"https:\/\/www.toque-musicall.com\/index.php?rest_route=%2Fwp%2Fv2%2Ftags&post=4793"}],"curies":[{"name":"wp","href":"https:\/\/api.w.org\/{rel}","templated":true}]}}