{"id":4805,"date":"2015-02-26T23:49:41","date_gmt":"2015-02-27T02:49:41","guid":{"rendered":"http:\/\/www.toque-musicall.com\/?p=4805"},"modified":"2015-03-03T20:04:51","modified_gmt":"2015-03-03T23:04:51","slug":"sergio-porto-aracy-de-almeida-billy-blanco-no-zum-zum-1966","status":"publish","type":"post","link":"https:\/\/www.toque-musicall.com\/?p=4805","title":{"rendered":"Sergio Porto, Aracy de Almeida &#038; Billy Blanco &#8211; No Zum Zum (1966)"},"content":{"rendered":"<p><img loading=\"lazy\" decoding=\"async\" class=\"aligncenter\" alt=\"\" src=\"http:\/\/1.bp.blogspot.com\/-rS6PNaDC-Zc\/VPBsgWmPw_I\/AAAAAAAALMM\/31HzOpIECRw\/s1600\/capa.jpg\" width=\"1417\" height=\"1417\" \/><\/p>\n<p><img loading=\"lazy\" decoding=\"async\" class=\"aligncenter\" alt=\"\" src=\"http:\/\/4.bp.blogspot.com\/-Kn-cRwA-gRQ\/VPBsp0U73CI\/AAAAAAAALMU\/VhVJP0WcIZQ\/s1600\/contracapa%2Bp.JPG\" width=\"1000\" height=\"1000\" \/><\/p>\n<div>Boa noite, amigos cultos e ocultos! Para abrilhantar mais a semana, aqui vou eu com um disco da Elenco. Um cl\u00e1ssico, diga-se de passagem, como conv\u00e9m a todos os discos lan\u00e7ados por esse selo, criado por Aloysio de Oliveira. Temos para hoje o \u00e1lbum que registra o encontro de S\u00e9rgio Porto, Aracy de Almeida, Billy Blanco e o conjunto de Roberto Menescal. Disco gravado ao vivo na lend\u00e1ria boate Zum-Zum. O jornalista e escritor carioca S\u00e9rgio Porto, tamb\u00e9m conhecido como Stanislaw Ponte Preta, \u00e9 quem faz as apresenta\u00e7\u00f5es, conduzindo assim o show, hora com Aracy de Almeida, hora com Billy Blanco. Todos sempre acompanhados pelo conjunto de Roberto Menescal. Os arranjos s\u00e3o de Oscar Castro Neves.<br \/>\nEis a\u00ed mais um disco que n\u00e3o poderia faltar aqui no Toque Musical. Cumprida a minha tarefa, vou agora me deitar, pois o sono j\u00e1 chegou faz tempo. At\u00e9 amanh<a href=\"http:\/\/depositfiles.org\/files\/b7aaxqx0k\" target=\"_blank\">\u00e3<\/a><a href=\"http:\/\/depositfiles.org\/files\/nn3bsvrs5\" target=\"_blank\">!<\/a><\/div>\n<div><\/div>\n<div>\n<div style=\"text-align: center;\">apresenta\u00e7\u00e3o &#8211; essa nega quer me dar &#8211; sergio porto<\/div>\n<div style=\"text-align: center;\">lamento &#8211; conjunto roberto menescal<\/div>\n<div style=\"text-align: center;\">aoresenta\u00e7\u00e3o &#8211; jura \u00a0&#8211; sergio porto<\/div>\n<div style=\"text-align: center;\">feitio de ora\u00e7\u00e3o &#8211; o x do problema &#8211; tr\u00eas apitos &#8211; aracy de almeida<\/div>\n<div style=\"text-align: center;\">n\u00e3o me diga adeus &#8211; camisa amarela &#8211; aracy \u00a0de almeida<\/div>\n<div style=\"text-align: center;\">tenha pena de mim &#8211; aracy de almeida<\/div>\n<div style=\"text-align: center;\">sarita &#8211; kalu &#8211; besame mucho &#8211; sergio porto, conjunto roberto menescal e billy blanco<\/div>\n<div style=\"text-align: center;\">n\u00e3o vou pra brasilia &#8211; billy blanco<\/div>\n<div style=\"text-align: center;\">feiura n\u00e3o \u00e9 nada &#8211; camelot &#8211; billy blanco<\/div>\n<div style=\"text-align: center;\">mocinho bonito &#8211; a banca do distinto &#8211; estatuto de gafieira &#8211; billy blanco<\/div>\n<div style=\"text-align: center;\">pra\u00e7a mau\u00e1 &#8211; m\u00e1ria maria mari\u00e1 &#8211; billy blanco<\/div>\n<div style=\"text-align: center;\">brucutu &#8211; rio meu amor &#8211; at\u00e9 amanh\u00e3 &#8211; todos<\/div>\n<div style=\"text-align: center;\"><\/div>\n<div style=\"text-align: center;\">.<\/div>\n<\/div>\n<div>.<\/div>\n","protected":false},"excerpt":{"rendered":"<p>Boa noite, amigos cultos e ocultos! Para abrilhantar mais a semana, aqui vou eu com um disco da Elenco. Um cl\u00e1ssico, diga-se de passagem, como conv\u00e9m a todos os discos lan\u00e7ados por esse selo, criado por Aloysio de Oliveira. Temos &hellip; <a href=\"https:\/\/www.toque-musicall.com\/?p=4805\">Continue lendo <span class=\"meta-nav\">&rarr;<\/span><\/a><\/p>\n","protected":false},"author":1,"featured_media":0,"comment_status":"open","ping_status":"closed","sticky":false,"template":"","format":"standard","meta":{"footnotes":""},"categories":[534,638,361,295,427],"tags":[],"class_list":["post-4805","post","type-post","status-publish","format-standard","hentry","category-aracy-de-almeida","category-billy-blanco","category-oscar-castro-neves","category-roberto-menescal","category-selo-elenco"],"_links":{"self":[{"href":"https:\/\/www.toque-musicall.com\/index.php?rest_route=\/wp\/v2\/posts\/4805","targetHints":{"allow":["GET"]}}],"collection":[{"href":"https:\/\/www.toque-musicall.com\/index.php?rest_route=\/wp\/v2\/posts"}],"about":[{"href":"https:\/\/www.toque-musicall.com\/index.php?rest_route=\/wp\/v2\/types\/post"}],"author":[{"embeddable":true,"href":"https:\/\/www.toque-musicall.com\/index.php?rest_route=\/wp\/v2\/users\/1"}],"replies":[{"embeddable":true,"href":"https:\/\/www.toque-musicall.com\/index.php?rest_route=%2Fwp%2Fv2%2Fcomments&post=4805"}],"version-history":[{"count":3,"href":"https:\/\/www.toque-musicall.com\/index.php?rest_route=\/wp\/v2\/posts\/4805\/revisions"}],"predecessor-version":[{"id":4818,"href":"https:\/\/www.toque-musicall.com\/index.php?rest_route=\/wp\/v2\/posts\/4805\/revisions\/4818"}],"wp:attachment":[{"href":"https:\/\/www.toque-musicall.com\/index.php?rest_route=%2Fwp%2Fv2%2Fmedia&parent=4805"}],"wp:term":[{"taxonomy":"category","embeddable":true,"href":"https:\/\/www.toque-musicall.com\/index.php?rest_route=%2Fwp%2Fv2%2Fcategories&post=4805"},{"taxonomy":"post_tag","embeddable":true,"href":"https:\/\/www.toque-musicall.com\/index.php?rest_route=%2Fwp%2Fv2%2Ftags&post=4805"}],"curies":[{"name":"wp","href":"https:\/\/api.w.org\/{rel}","templated":true}]}}