{"id":481,"date":"2011-04-25T01:08:00","date_gmt":"2011-04-25T01:08:00","guid":{"rendered":"http:\/\/www.toque-musicall.com\/?p=481"},"modified":"2011-04-25T01:08:00","modified_gmt":"2011-04-25T01:08:00","slug":"coral-de-ouro-preto-1962","status":"publish","type":"post","link":"https:\/\/www.toque-musicall.com\/?p=481","title":{"rendered":"Coral De Ouro Preto (1962)"},"content":{"rendered":"<div style=\"clear: both; text-align: center;\"><a href=\"http:\/\/3.bp.blogspot.com\/-24ht_ioqzpE\/TbShMrdSGOI\/AAAAAAAAH94\/drmgc6V9-PE\/s1600\/coral+P.JPG\" style=\"margin-left: 1em; margin-right: 1em;\"><img loading=\"lazy\" decoding=\"async\" border=\"0\" height=\"396\" src=\"http:\/\/3.bp.blogspot.com\/-24ht_ioqzpE\/TbShMrdSGOI\/AAAAAAAAH94\/drmgc6V9-PE\/s400\/coral+P.JPG\" width=\"400\" \/><\/a><\/div>\n<p>Boa noite, meus prezados amigos cultos e ocultos! Acabo de chegar do domingo e ele foi \u00f3timo. Um dia ensolarado, tranquilo e potencialmente fotograf\u00e1vel. Voc\u00eas sabiam que hoje foi comemorado, no mundo inteiro, o dia da fotografia com c\u00e2mera de orif\u00edcio, o &#8220;<a href=\"http:\/\/www.pinholeday.org\/\">Pinhole Day<\/a>&#8220;? Foram mais de oitenta pa\u00edses, num encontro simult\u00e2neo, todo mundo fotografando, at\u00e9 eu! Quer saber o que \u00e9 &#8216;<a href=\"http:\/\/www.eba.ufmg.br\/cfalieri\/index.html\">Pinhole&#8217;<\/a>? Visite o <a href=\"http:\/\/www.eba.ufmg.br\/cfalieri\/index.html\">site<\/a>. Bacana demais essa t\u00e9cnica de fotografia, eu recomendo&#8230;<br \/>Para o resto do domingo continuar numa boa, aqui vai um disco que eu tamb\u00e9m recomendo. Coral de Ouro Preto, segundo disco gravado pelo grupo. Lan\u00e7ado em 1962, desta vez pela Odeon, o Coral grava um disco super moderno para a \u00e9poca, pautado na bossa nova. A dire\u00e7\u00e3o art\u00edstica \u00e9 de Ismael Corr\u00eaa, que foi tamb\u00e9m o descobridor do coral, formado por ent\u00e3o jovens estudantes da Escola de Minas, de Ouro Preto.<br \/>Conforme nos informa o texto da contracapa, o disco foi gravado em apenas dois dias, entre o natal e o fim do ano de 1961, nos est\u00fadios da Odeon, Rio de Janeiro. O coral tem o acompanhamento de seu regente , o pianista e compositor Ubirajara Cabral e um grupo de m\u00fasicos da casa (Vidal &#8211; contrabaixo; Geraldo &#8211; viol\u00e3o; Juquinha &#8211; bateria; Ary e Jairo &#8211; trompas; C\u00f3pia &#8211; flauta e Cl\u00e1udio &#8211; vibrafone). Com essa turma ao fundo, o Coral de Ouro Preto grava o que veio a ser o seu melhor e mais importante lp.<br \/>Confiram a\u00ed porque eu aqui j\u00e1 vou dormir. Desculpem, mas eu estou morrendo de sono. Zzzz&#8230;..<\/p>\n<div style=\"text-align: center;\">o vento n\u00e3o sabe<\/div>\n<div style=\"text-align: center;\">zel\u00e3o<\/div>\n<div style=\"text-align: center;\">fim de noite<\/div>\n<div style=\"text-align: center;\">lamento no morro<\/div>\n<div style=\"text-align: center;\">amo-te muito<\/div>\n<div style=\"text-align: center;\">balada das ladeiras de ouro preto<\/div>\n<div style=\"text-align: center;\">feitio do ora\u00e7\u00e3o<\/div>\n<div style=\"text-align: center;\">samba de uma nota s\u00f3<\/div>\n<div style=\"text-align: center;\">olhos feiticeiros<\/div>\n<div style=\"text-align: center;\">duas contas<\/div>\n<div style=\"text-align: center;\">pouca dura\u00e7\u00e3o<\/div>\n<div style=\"text-align: center;\">gina<\/div>\n<div style=\"text-align: center;\"><\/div>\n<div style=\"text-align: center;\"><\/div>\n","protected":false},"excerpt":{"rendered":"<p>Boa noite, meus prezados amigos cultos e ocultos! Acabo de chegar do domingo e ele foi \u00f3timo. Um dia ensolarado, tranquilo e potencialmente fotograf\u00e1vel. Voc\u00eas sabiam que hoje foi comemorado, no mundo inteiro, o dia da fotografia com c\u00e2mera de &hellip; <a href=\"https:\/\/www.toque-musicall.com\/?p=481\">Continue lendo <span class=\"meta-nav\">&rarr;<\/span><\/a><\/p>\n","protected":false},"author":1,"featured_media":0,"comment_status":"open","ping_status":"closed","sticky":false,"template":"","format":"standard","meta":{"footnotes":""},"categories":[745,86],"tags":[],"class_list":["post-481","post","type-post","status-publish","format-standard","hentry","category-coral-de-ouro-preto","category-selo-odeon"],"_links":{"self":[{"href":"https:\/\/www.toque-musicall.com\/index.php?rest_route=\/wp\/v2\/posts\/481","targetHints":{"allow":["GET"]}}],"collection":[{"href":"https:\/\/www.toque-musicall.com\/index.php?rest_route=\/wp\/v2\/posts"}],"about":[{"href":"https:\/\/www.toque-musicall.com\/index.php?rest_route=\/wp\/v2\/types\/post"}],"author":[{"embeddable":true,"href":"https:\/\/www.toque-musicall.com\/index.php?rest_route=\/wp\/v2\/users\/1"}],"replies":[{"embeddable":true,"href":"https:\/\/www.toque-musicall.com\/index.php?rest_route=%2Fwp%2Fv2%2Fcomments&post=481"}],"version-history":[{"count":0,"href":"https:\/\/www.toque-musicall.com\/index.php?rest_route=\/wp\/v2\/posts\/481\/revisions"}],"wp:attachment":[{"href":"https:\/\/www.toque-musicall.com\/index.php?rest_route=%2Fwp%2Fv2%2Fmedia&parent=481"}],"wp:term":[{"taxonomy":"category","embeddable":true,"href":"https:\/\/www.toque-musicall.com\/index.php?rest_route=%2Fwp%2Fv2%2Fcategories&post=481"},{"taxonomy":"post_tag","embeddable":true,"href":"https:\/\/www.toque-musicall.com\/index.php?rest_route=%2Fwp%2Fv2%2Ftags&post=481"}],"curies":[{"name":"wp","href":"https:\/\/api.w.org\/{rel}","templated":true}]}}