{"id":4815,"date":"2015-03-01T09:37:14","date_gmt":"2015-03-01T12:37:14","guid":{"rendered":"http:\/\/www.toque-musicall.com\/?p=4815"},"modified":"2015-03-01T09:46:11","modified_gmt":"2015-03-01T12:46:11","slug":"rio450-valsa-de-uma-cidade-2015","status":"publish","type":"post","link":"https:\/\/www.toque-musicall.com\/?p=4815","title":{"rendered":"Rio450 &#8211; Valsa De Uma Cidade (2015)"},"content":{"rendered":"<p><img loading=\"lazy\" decoding=\"async\" class=\"aligncenter\" alt=\"\" src=\"http:\/\/2.bp.blogspot.com\/-3DuKBVm1JgI\/VPMGGHJZc6I\/AAAAAAAALNc\/Xs1UBSUeXTk\/s1600\/CAPAp.JPG\" width=\"1000\" height=\"1000\" \/><img loading=\"lazy\" decoding=\"async\" class=\"aligncenter\" alt=\"\" src=\"http:\/\/1.bp.blogspot.com\/-gj5VLNVAc_c\/VPMGLz4gZiI\/AAAAAAAALNk\/NvzaAZN7nhw\/s1600\/contraCAPAp.JPG\" width=\"1000\" height=\"1000\" \/>Bom dia, amigos cultos e ocultos! Parab\u00e9ns, Cidade de S\u00e3o Sebasti\u00e3o do Rio de Janeiro! Parab\u00e9ns a todos os cariocas, privilegiados, de morarem num dos lugares mais bonitos do mundo e que hoje, dia 01 de mar\u00e7o de 2015 est\u00e1 completando 450 anos! Que bacana! Eu n\u00e3o sou carioca, mas tenho uma leve impress\u00e3o de que j\u00e1 fui em outras encarna\u00e7\u00f5es. Me identifico demais com essa cidade e creio que qualquer um. O Rio \u00e9 mesmo uma cidade encantadora e inspiradora. N\u00e3o \u00e9 por acaso que todos os artistas convergem sempre para l\u00e1. N\u00e3o conhecer o Rio de Janeiro \u00e9 um pecado. Um dia eu acabo me mudando para l\u00e1. Meu grande prazer de ir ao Rio \u00e9 poder andar pelo Centro e pelos bairros antigos, parece que eu me reencontro. Rio de Janeiro, cidade maravilhosa! Por essas e por outras \u00e9 que eu n\u00e3o poderia deixar de prestar aqui a minha homenagem, afinal, \u00e9 no Rio que boa parte da boa m\u00fasica brasileira nasceu. Eu pensei inicialmente em fazer uma colet\u00e2nea de m\u00fasicas que falassem do Rio, mas me perdi entre as milhares que encontrei. Al\u00e9m do mais, iria me dar muito trabalho para confeccionar a capinha e listar as centenas de m\u00fasicas. Seria o melhor, uma colet\u00e2nea com diferentes estilos tendo como tema o Rio de Janeiro, mas vou deixar essa para uma outra oportunidade. Resolvi assim ent\u00e3o eleger uma m\u00fasica que fosse &#8216;aquela&#8217;. Qual tema seria o melhor? Claro, a &#8216;Valsa de uma cidade&#8221;, bel\u00edssima composi\u00e7\u00e3o de Ant\u00f4nio Maria e Ismael Neto! Mais uma vez eu acabei caindo na mesma situa\u00e7\u00e3o, dezenas de vers\u00f5es e das mais variadas. Decidi ent\u00e3o ficar apenas com aquelas que o buscador de arquivos do meu computador conseguiu identificar. Dessas centenas, escolhi trinta vers\u00f5es, talvez as mais conhecidas. Entre essas, finalizando, eu inclu\u00ed aquela antiga e curiosa par\u00f3dia que faz parte daquela tamb\u00e9m curiosa bolacha de alum\u00ednio que um dia eu apresentei a voc\u00eas e denominei aqui como o &#8216;<a href=\"https:\/\/www.toque-musicall.com\/?p=1316\" target=\"_blank\">Disco X<\/a>&#8216;. Um pouco de picardia sempre fez parte do prato carioca \ud83d\ude09 e eu n\u00e3o poderia deixar essa fora \ud83d\ude09<br \/>\nParab\u00e9ns Rio de Janeiro! Que voc\u00ea continue sempre linda e maravilhosa. Mesmo a pesar daqueles que fazem de tudo para detonar a cidade. Viva o Rio! Viva o povo carioc<a href=\"http:\/\/depositfiles.org\/files\/u7napiitf\" target=\"_blank\">a<\/a>!<\/p>\n<div style=\"text-align: center;\">dick farney ao vivo<\/div>\n<div style=\"text-align: center;\">dick farney e orquestra<\/div>\n<div style=\"text-align: center;\">dick farney trio<\/div>\n<div style=\"text-align: center;\">orquestra club da valsa<\/div>\n<div style=\"text-align: center;\">pequenos cantores da guanabara<\/div>\n<div style=\"text-align: center;\">azymuth<\/div>\n<div style=\"text-align: center;\">roberto silva,orquestra e coro<\/div>\n<div style=\"text-align: center;\">os peixotos<\/div>\n<div style=\"text-align: center;\">rosa pardini<\/div>\n<div style=\"text-align: center;\">coral severino filho<\/div>\n<div style=\"text-align: center;\">teresa salgueiro<\/div>\n<div style=\"text-align: center;\">livio salles<\/div>\n<div style=\"text-align: center;\">carioca e orquestra guanabara<\/div>\n<div style=\"text-align: center;\">trio irakitan<\/div>\n<div style=\"text-align: center;\">os cariocas<\/div>\n<div style=\"text-align: center;\">z\u00e9 menezes, conjunto e coral de joab<\/div>\n<div style=\"text-align: center;\">nanai<\/div>\n<div style=\"text-align: center;\">chiquinho do acordeon<\/div>\n<div style=\"text-align: center;\">joyce moreno<\/div>\n<div style=\"text-align: center;\">carm\u00e9lia alves<\/div>\n<div style=\"text-align: center;\">get\u00falio o assobiador<\/div>\n<div style=\"text-align: center;\">l\u00facio alves e d\u00f3ris monteiro<\/div>\n<div style=\"text-align: center;\">lyrio panicali<\/div>\n<div style=\"text-align: center;\">l\u00facio alves<\/div>\n<div style=\"text-align: center;\">z\u00e9 da velha e silv\u00e9rio pontes<\/div>\n<div style=\"text-align: center;\">caetano veloso<\/div>\n<div style=\"text-align: center;\">severino filho orquestra<\/div>\n<div style=\"text-align: center;\">guilherme vergueiro<\/div>\n<div style=\"text-align: center;\">rita lee<\/div>\n<div style=\"text-align: center;\">par\u00f3dia (disco x)<\/div>\n<div style=\"text-align: center;\"><\/div>\n<div style=\"text-align: center;\">.<\/div>\n","protected":false},"excerpt":{"rendered":"<p>Bom dia, amigos cultos e ocultos! Parab\u00e9ns, Cidade de S\u00e3o Sebasti\u00e3o do Rio de Janeiro! Parab\u00e9ns a todos os cariocas, privilegiados, de morarem num dos lugares mais bonitos do mundo e que hoje, dia 01 de mar\u00e7o de 2015 est\u00e1 &hellip; <a href=\"https:\/\/www.toque-musicall.com\/?p=4815\">Continue lendo <span class=\"meta-nav\">&rarr;<\/span><\/a><\/p>\n","protected":false},"author":1,"featured_media":0,"comment_status":"open","ping_status":"closed","sticky":false,"template":"","format":"standard","meta":{"footnotes":""},"categories":[64,11,2529],"tags":[],"class_list":["post-4815","post","type-post","status-publish","format-standard","hentry","category-coletanea","category-exclusivos-do-toque-musical","category-valsa-de-uma-cidade"],"_links":{"self":[{"href":"https:\/\/www.toque-musicall.com\/index.php?rest_route=\/wp\/v2\/posts\/4815","targetHints":{"allow":["GET"]}}],"collection":[{"href":"https:\/\/www.toque-musicall.com\/index.php?rest_route=\/wp\/v2\/posts"}],"about":[{"href":"https:\/\/www.toque-musicall.com\/index.php?rest_route=\/wp\/v2\/types\/post"}],"author":[{"embeddable":true,"href":"https:\/\/www.toque-musicall.com\/index.php?rest_route=\/wp\/v2\/users\/1"}],"replies":[{"embeddable":true,"href":"https:\/\/www.toque-musicall.com\/index.php?rest_route=%2Fwp%2Fv2%2Fcomments&post=4815"}],"version-history":[{"count":2,"href":"https:\/\/www.toque-musicall.com\/index.php?rest_route=\/wp\/v2\/posts\/4815\/revisions"}],"predecessor-version":[{"id":4817,"href":"https:\/\/www.toque-musicall.com\/index.php?rest_route=\/wp\/v2\/posts\/4815\/revisions\/4817"}],"wp:attachment":[{"href":"https:\/\/www.toque-musicall.com\/index.php?rest_route=%2Fwp%2Fv2%2Fmedia&parent=4815"}],"wp:term":[{"taxonomy":"category","embeddable":true,"href":"https:\/\/www.toque-musicall.com\/index.php?rest_route=%2Fwp%2Fv2%2Fcategories&post=4815"},{"taxonomy":"post_tag","embeddable":true,"href":"https:\/\/www.toque-musicall.com\/index.php?rest_route=%2Fwp%2Fv2%2Ftags&post=4815"}],"curies":[{"name":"wp","href":"https:\/\/api.w.org\/{rel}","templated":true}]}}