{"id":4819,"date":"2015-03-05T22:42:40","date_gmt":"2015-03-06T01:42:40","guid":{"rendered":"http:\/\/www.toque-musicall.com\/?p=4819"},"modified":"2015-03-05T22:42:40","modified_gmt":"2015-03-06T01:42:40","slug":"os-3-de-portugal-no-brasil-1969","status":"publish","type":"post","link":"https:\/\/www.toque-musicall.com\/?p=4819","title":{"rendered":"Os 3 De Portugal &#8211; No Brasil (1969)"},"content":{"rendered":"<p><img loading=\"lazy\" decoding=\"async\" class=\"aligncenter\" alt=\"\" src=\"http:\/\/1.bp.blogspot.com\/-bqyWzFnT9Es\/VPjobZDq7FI\/AAAAAAAALN8\/ZOgpHeD_nGo\/s1600\/capap.JPG\" width=\"1000\" height=\"995\" \/><img loading=\"lazy\" decoding=\"async\" class=\"aligncenter\" alt=\"\" src=\"http:\/\/2.bp.blogspot.com\/-ug3ClVZCjdw\/VPjogvR_vaI\/AAAAAAAALOE\/fjs_dfVKAaI\/s1600\/backp.JPG\" width=\"1000\" height=\"1020\" \/><\/p>\n<p>Ol\u00e1, amigu\u00edssimos, cultos e ocultos! Semana atarefada aqui para os meus lados, quase sem condi\u00e7\u00f5es de postar uma novidade. Fico querendo postar alguma coisa diferente, mas h\u00e1 tanto o que escolher e as vezes acabo escolhendo algo que j\u00e1 apareceu por a\u00ed. Desta vez estou trazendo um disco que eu ainda n\u00e3o vi em outras pra\u00e7as. Um lp que eu tamb\u00e9m n\u00e3o conhecia.<br \/>\nTemos aqui o grupo vocal, &#8216;Os 3 de Portugal&#8217;. Conforme o texto da contracapa, trata-se de um trio, formado na cidade do Porto, ainda nos anos 50. Por certo, um grupo famoso em seu pa\u00eds de origem, Estiveram no Brasil se apresentando nos anos 60. Consta que participaram da novela Antonio Maria, o que pode ter chamado a aten\u00e7\u00e3o dos produtores da RCA para a grava\u00e7\u00e3o deste disco. Logo na primeira faixa temos &#8220;Tema de amor em forma de prel\u00fadio&#8221;, m\u00fasica esta que fez parte da trilha da novela. Mas no disco que eu tenho quem canta \u00e9 o saudoso ator S\u00e9rgio Cardoso. Neste lp Os 3 de Portugal interpretam temas n\u00e3o apenas portugueses, mas tamb\u00e9m cantam m\u00fasica de autores brasileiros. Pessoalmente, achei bem interessante. Vale, com certeza, uma conferid<a href=\"http:\/\/depositfiles.org\/files\/m5uwup52y\" target=\"_blank\">a<\/a>. \ud83d\ude09<\/p>\n<div style=\"text-align: center;\">tema de amor em forma de prel\u00fadio<\/div>\n<div style=\"text-align: center;\">por morre uma andorinha<\/div>\n<div style=\"text-align: center;\">flores da varanda<\/div>\n<div style=\"text-align: center;\">fantasia carioca<\/div>\n<div style=\"text-align: center;\">ao chegar a lisboa<\/div>\n<div style=\"text-align: center;\">artista sem plateia<\/div>\n<div style=\"text-align: center;\">pergunta a quem quiseres<\/div>\n<div style=\"text-align: center;\">veio a saudade<\/div>\n<div style=\"text-align: center;\">bairro alto<\/div>\n<div style=\"text-align: center;\">maria severa<\/div>\n<div style=\"text-align: center;\">lisboa n\u00e3o sejas francesa<\/div>\n<div style=\"text-align: center;\">vou dar de beber a dor<\/div>\n<div style=\"text-align: center;\"><\/div>\n<div style=\"text-align: center;\">.<\/div>\n","protected":false},"excerpt":{"rendered":"<p>Ol\u00e1, amigu\u00edssimos, cultos e ocultos! Semana atarefada aqui para os meus lados, quase sem condi\u00e7\u00f5es de postar uma novidade. Fico querendo postar alguma coisa diferente, mas h\u00e1 tanto o que escolher e as vezes acabo escolhendo algo que j\u00e1 apareceu &hellip; <a href=\"https:\/\/www.toque-musicall.com\/?p=4819\">Continue lendo <span class=\"meta-nav\">&rarr;<\/span><\/a><\/p>\n","protected":false},"author":1,"featured_media":0,"comment_status":"open","ping_status":"closed","sticky":false,"template":"","format":"standard","meta":{"footnotes":""},"categories":[2530,18],"tags":[],"class_list":["post-4819","post","type-post","status-publish","format-standard","hentry","category-os-3-de-portugal","category-selo-rca"],"_links":{"self":[{"href":"https:\/\/www.toque-musicall.com\/index.php?rest_route=\/wp\/v2\/posts\/4819","targetHints":{"allow":["GET"]}}],"collection":[{"href":"https:\/\/www.toque-musicall.com\/index.php?rest_route=\/wp\/v2\/posts"}],"about":[{"href":"https:\/\/www.toque-musicall.com\/index.php?rest_route=\/wp\/v2\/types\/post"}],"author":[{"embeddable":true,"href":"https:\/\/www.toque-musicall.com\/index.php?rest_route=\/wp\/v2\/users\/1"}],"replies":[{"embeddable":true,"href":"https:\/\/www.toque-musicall.com\/index.php?rest_route=%2Fwp%2Fv2%2Fcomments&post=4819"}],"version-history":[{"count":1,"href":"https:\/\/www.toque-musicall.com\/index.php?rest_route=\/wp\/v2\/posts\/4819\/revisions"}],"predecessor-version":[{"id":4820,"href":"https:\/\/www.toque-musicall.com\/index.php?rest_route=\/wp\/v2\/posts\/4819\/revisions\/4820"}],"wp:attachment":[{"href":"https:\/\/www.toque-musicall.com\/index.php?rest_route=%2Fwp%2Fv2%2Fmedia&parent=4819"}],"wp:term":[{"taxonomy":"category","embeddable":true,"href":"https:\/\/www.toque-musicall.com\/index.php?rest_route=%2Fwp%2Fv2%2Fcategories&post=4819"},{"taxonomy":"post_tag","embeddable":true,"href":"https:\/\/www.toque-musicall.com\/index.php?rest_route=%2Fwp%2Fv2%2Ftags&post=4819"}],"curies":[{"name":"wp","href":"https:\/\/api.w.org\/{rel}","templated":true}]}}