{"id":482,"date":"2011-04-24T03:32:00","date_gmt":"2011-04-24T03:32:00","guid":{"rendered":"http:\/\/www.toque-musicall.com\/?p=482"},"modified":"2011-04-24T03:32:00","modified_gmt":"2011-04-24T03:32:00","slug":"coletanea-bolachao-2011","status":"publish","type":"post","link":"https:\/\/www.toque-musicall.com\/?p=482","title":{"rendered":"Colet\u00e2nea Bolach\u00e3o (2011)"},"content":{"rendered":"<div style=\"clear: both; text-align: center;\"><a href=\"http:\/\/3.bp.blogspot.com\/-xspZSh7Q6oE\/TbN-NJA75nI\/AAAAAAAAH9w\/kTcAlxLdmBI\/s1600\/capa+p.JPG\" style=\"margin-left: 1em; margin-right: 1em;\"><img loading=\"lazy\" decoding=\"async\" border=\"0\" height=\"382\" src=\"http:\/\/3.bp.blogspot.com\/-xspZSh7Q6oE\/TbN-NJA75nI\/AAAAAAAAH9w\/kTcAlxLdmBI\/s400\/capa+p.JPG\" width=\"400\" \/><\/a><\/div>\n<p>Boa noite, amigos cultos e ocultos! O dia hoje foi longo e bastante atarefado, mas ainda assim cheguei a tempo de marcar o ponto. Como hoje \u00e9 (ainda) dia de colet\u00e2nea, aqui vai uma sele\u00e7\u00e3o extra\u00edda de grava\u00e7\u00f5es das d\u00e9cadas de 20, 30 e 40. Esta colet\u00e2nea j\u00e1 estava pronta h\u00e1 algum tempo atr\u00e1s. Ficou na reserva, mas acabou sendo aproveitada hoje por j\u00e1 estar prontinha para a publica\u00e7\u00e3o.<br \/>Como podemos ver na lista a baixo, temos aqui um time variado de artistas em grava\u00e7\u00f5es raras, reunidas em 26 m\u00fasicas, que equivalem \u00e0 13 bolachas de 78 rpm, que juntas d\u00e3o um bolach\u00e3o.<br \/>Desculpem, mas amanh\u00e3 (hoje) vai ser um dia duro. \u00c9 domingo de P\u00e1scoa, mas eu vou trabalhar. Trabalho bom, com certeza, sen\u00e3o eu n\u00e3o estaria nessa&#8230; Boa P\u00e1scoa a todos!<\/p>\n<div style=\"text-align: center;\">adeus est\u00e1cio<\/div>\n<div style=\"text-align: center;\">azul\u00e3o &#8211; olga praguer coelho<\/div>\n<div style=\"text-align: center;\">agora \u00e9 cinza &#8211; mario reis<\/div>\n<div style=\"text-align: center;\">morena cor de canela &#8211; elise houston<\/div>\n<div style=\"text-align: center;\">voc\u00ea n\u00f5a gosta de mim &#8211; carlos galhardo<\/div>\n<div style=\"text-align: center;\">yaya linda flor &#8211; aracy cortes<\/div>\n<div style=\"text-align: center;\">quatro horas &#8211; dupla preto e braco<\/div>\n<div style=\"text-align: center;\">mulata &#8211; olga praguer coelho<\/div>\n<div style=\"text-align: center;\">mulher enigma &#8211; francisco alves<\/div>\n<div style=\"text-align: center;\">voc\u00ea&#8230; voc\u00ea &#8211; laura suarez<\/div>\n<div style=\"text-align: center;\">cad\u00ea vira-mundo? &#8211; conjunto tupy<\/div>\n<div style=\"text-align: center;\">ritmo do cora\u00e7\u00e3o &#8211; alzira camargo<\/div>\n<div style=\"text-align: center;\">eu vivo sem destino -silvio caldas<\/div>\n<div style=\"text-align: center;\">cecy e pery &#8211; trio de ouro<\/div>\n<div style=\"text-align: center;\">que fim levou voc\u00ea &#8211; neide martins<\/div>\n<div style=\"text-align: center;\">nada al\u00e9m &#8211; orlando silva<\/div>\n<div style=\"text-align: center;\">ci\u00fame de cabocla -elsinha coelho<\/div>\n<div style=\"text-align: center;\">meiga flor &#8211; vicente celestino<\/div>\n<div style=\"text-align: center;\">pirata &#8211; dircinha batista<\/div>\n<div style=\"text-align: center;\">por causa desta cabocla &#8211; silvio caldas<\/div>\n<div style=\"text-align: center;\">jura &#8211; aracy cortes<\/div>\n<div style=\"text-align: center;\">eu n\u00e3o posso perder pra voc\u00ea &#8211; gst\u00e3o formenti<\/div>\n<div style=\"text-align: center;\">estrela do c\u00e9u &#8211; olga praguer coelho<\/div>\n<div style=\"text-align: center;\">dor de cabe\u00e7a &#8211; fernando jazz band sul americano<\/div>\n<div style=\"text-align: center;\">sem voc\u00ea &#8211; aurora mirada<\/div>\n<div style=\"text-align: center;\">maricota sa\u00ed da chuva &#8211; trio madrigal e trio melodia<\/div>\n<div style=\"text-align: center;\"><\/div>\n<div style=\"text-align: center;\"><\/div>\n","protected":false},"excerpt":{"rendered":"<p>Boa noite, amigos cultos e ocultos! O dia hoje foi longo e bastante atarefado, mas ainda assim cheguei a tempo de marcar o ponto. Como hoje \u00e9 (ainda) dia de colet\u00e2nea, aqui vai uma sele\u00e7\u00e3o extra\u00edda de grava\u00e7\u00f5es das d\u00e9cadas &hellip; <a href=\"https:\/\/www.toque-musicall.com\/?p=482\">Continue lendo <span class=\"meta-nav\">&rarr;<\/span><\/a><\/p>\n","protected":false},"author":1,"featured_media":0,"comment_status":"open","ping_status":"closed","sticky":false,"template":"","format":"standard","meta":{"footnotes":""},"categories":[760,138,759,758,757,85,12,210,756],"tags":[],"class_list":["post-482","post","type-post","status-publish","format-standard","hentry","category-aracy-cortes","category-carlos-galhardo","category-coletanea-bolachao","category-elise-houston","category-olga-praguer-coelho","category-orlando-silva","category-silvio-caldas","category-trio-de-ouro","category-vicente-celestino"],"_links":{"self":[{"href":"https:\/\/www.toque-musicall.com\/index.php?rest_route=\/wp\/v2\/posts\/482","targetHints":{"allow":["GET"]}}],"collection":[{"href":"https:\/\/www.toque-musicall.com\/index.php?rest_route=\/wp\/v2\/posts"}],"about":[{"href":"https:\/\/www.toque-musicall.com\/index.php?rest_route=\/wp\/v2\/types\/post"}],"author":[{"embeddable":true,"href":"https:\/\/www.toque-musicall.com\/index.php?rest_route=\/wp\/v2\/users\/1"}],"replies":[{"embeddable":true,"href":"https:\/\/www.toque-musicall.com\/index.php?rest_route=%2Fwp%2Fv2%2Fcomments&post=482"}],"version-history":[{"count":0,"href":"https:\/\/www.toque-musicall.com\/index.php?rest_route=\/wp\/v2\/posts\/482\/revisions"}],"wp:attachment":[{"href":"https:\/\/www.toque-musicall.com\/index.php?rest_route=%2Fwp%2Fv2%2Fmedia&parent=482"}],"wp:term":[{"taxonomy":"category","embeddable":true,"href":"https:\/\/www.toque-musicall.com\/index.php?rest_route=%2Fwp%2Fv2%2Fcategories&post=482"},{"taxonomy":"post_tag","embeddable":true,"href":"https:\/\/www.toque-musicall.com\/index.php?rest_route=%2Fwp%2Fv2%2Ftags&post=482"}],"curies":[{"name":"wp","href":"https:\/\/api.w.org\/{rel}","templated":true}]}}