{"id":4821,"date":"2015-03-08T13:12:50","date_gmt":"2015-03-08T16:12:50","guid":{"rendered":"http:\/\/www.toque-musicall.com\/?p=4821"},"modified":"2015-03-08T13:12:50","modified_gmt":"2015-03-08T16:12:50","slug":"cantando-a-mulher-coletanea-toque-musical-2015","status":"publish","type":"post","link":"https:\/\/www.toque-musicall.com\/?p=4821","title":{"rendered":"Cantando A Mulher &#8211; Colet\u00e2nea Toque Musical (2015)"},"content":{"rendered":"<p><img loading=\"lazy\" decoding=\"async\" class=\"aligncenter\" alt=\"\" src=\"http:\/\/4.bp.blogspot.com\/-YmNG73B2Z68\/VPxyti2GUCI\/AAAAAAAALPs\/0RzFFKw4O4M\/s1600\/capaP.JPG\" width=\"1000\" height=\"1077\" \/><img loading=\"lazy\" decoding=\"async\" class=\"aligncenter\" alt=\"\" src=\"http:\/\/4.bp.blogspot.com\/-DlaOC4UElZ4\/VPxyx6c_a5I\/AAAAAAAALP0\/VvzdLKhM_8g\/s1600\/CONTRAcapaP.JPG\" width=\"1000\" height=\"1073\" \/>Bom dia, amigos cultos e ocultos! Bom dia, em especial, a todas as mulheres, cultas e ocultas! Hoje \u00e9 o dia delas, o Dia Internacional da Mulher! Eu n\u00e3o me recordo de j\u00e1 ter feito aqui alguma homenagem nessa data para voc\u00ea, mulher. Mas pode ter certeza, estou sempre pensando, sintonizado em suas ondas. Ah, mulheres&#8230; de todos os tipos, de todas as horas&#8230; m\u00e3es, esposas, amantes, amigas, irm\u00e3s. Mulher at\u00e9 Presidente. Elas est\u00e3o em todas. E o que seria de n\u00f3s, homens, sem elas? Adoro esse ser que me completa em todas as suas vertentes e v\u00e9rtices. \u00cata bicho b\u00e3o, s\u00f4!<br \/>\nPara homenage\u00e1-las, criei ent\u00e3o essa pequena colet\u00e2nea, um tanto irregular e talvez at\u00e9 injusta por n\u00e3o acrescentar tantas outras belas e talvez at\u00e9 mais apropriadas composi\u00e7\u00f5es, que temos no cancioneiro popular. \u00c9, eu realmente podia ter escolhido mais m\u00fasicas. Por certo, melodias que exploram a tem\u00e1tica mulher \u00e9 coisa que n\u00e3o nos falta. Mas eu achei por bem ficarmos apenas em 20 m\u00fasicas, sendo essas t\u00e3o variadas quanto as pr\u00f3prias escolhas de postagem do Toque Musical. O importante \u00e9 agradar aos gregos e troianos, misturar mineiros e baianos, alhos com bugalhos. Por\u00e9m, acima de tudo, festejando sempre a mulher. Parab\u00e9ns a todas por este di<a href=\"http:\/\/depositfiles.org\/files\/njj63qv99\" target=\"_blank\">a<\/a>!<\/p>\n<div style=\"text-align: center;\">c\u00famplice &#8211; juca chaves<\/div>\n<div style=\"text-align: center;\">elegia &#8211; p\u00e9ricles cavalcanti<\/div>\n<div style=\"text-align: center;\">mulher &#8211; z\u00e9 renato<\/div>\n<div style=\"text-align: center;\">tigreza &#8211; caetano veloso<\/div>\n<div style=\"text-align: center;\">mulher brasileira &#8211; benito di paula<\/div>\n<div style=\"text-align: center;\">mulheres &#8211; martinho da vila<\/div>\n<div style=\"text-align: center;\">a\u00ed que saudades da am\u00e9lia &#8211; noite ilustrada<\/div>\n<div style=\"text-align: center;\">eu quero essa mulher assim mesmo &#8211; monsueto<\/div>\n<div style=\"text-align: center;\">todas as mulheres do mundo &#8211; marcus pitter<\/div>\n<div style=\"text-align: center;\">sexo fr\u00e1gil &#8211; erasmo carlos<\/div>\n<div style=\"text-align: center;\">todas as mulheres do mundo &#8211; rita lee<\/div>\n<div style=\"text-align: center;\">eu gosto de mulher &#8211; mr. catra<\/div>\n<div style=\"text-align: center;\">eu gosto \u00e9 de mulher &#8211; ultrage a rigor<\/div>\n<div style=\"text-align: center;\"><\/div>\n<div style=\"text-align: center;\">.<\/div>\n","protected":false},"excerpt":{"rendered":"<p>Bom dia, amigos cultos e ocultos! Bom dia, em especial, a todas as mulheres, cultas e ocultas! Hoje \u00e9 o dia delas, o Dia Internacional da Mulher! Eu n\u00e3o me recordo de j\u00e1 ter feito aqui alguma homenagem nessa data &hellip; <a href=\"https:\/\/www.toque-musicall.com\/?p=4821\">Continue lendo <span class=\"meta-nav\">&rarr;<\/span><\/a><\/p>\n","protected":false},"author":1,"featured_media":0,"comment_status":"open","ping_status":"closed","sticky":false,"template":"","format":"standard","meta":{"footnotes":""},"categories":[690,136,64,2535,52,149,11,389,1092,1214,2533,194,1193,1764,2534],"tags":[],"class_list":["post-4821","post","type-post","status-publish","format-standard","hentry","category-benito-di-paula","category-caetano-veloso","category-coletanea","category-coletanea-cantando-a-mulher","category-elis-regina","category-erasmo-carlos","category-exclusivos-do-toque-musical","category-juca-chaves","category-martinho-da-vila","category-monsueto","category-mr-catra","category-noite-ilustrada","category-pericles-cavalcanti","category-rita-lee","category-ultrage-a-rigor"],"_links":{"self":[{"href":"https:\/\/www.toque-musicall.com\/index.php?rest_route=\/wp\/v2\/posts\/4821","targetHints":{"allow":["GET"]}}],"collection":[{"href":"https:\/\/www.toque-musicall.com\/index.php?rest_route=\/wp\/v2\/posts"}],"about":[{"href":"https:\/\/www.toque-musicall.com\/index.php?rest_route=\/wp\/v2\/types\/post"}],"author":[{"embeddable":true,"href":"https:\/\/www.toque-musicall.com\/index.php?rest_route=\/wp\/v2\/users\/1"}],"replies":[{"embeddable":true,"href":"https:\/\/www.toque-musicall.com\/index.php?rest_route=%2Fwp%2Fv2%2Fcomments&post=4821"}],"version-history":[{"count":1,"href":"https:\/\/www.toque-musicall.com\/index.php?rest_route=\/wp\/v2\/posts\/4821\/revisions"}],"predecessor-version":[{"id":4822,"href":"https:\/\/www.toque-musicall.com\/index.php?rest_route=\/wp\/v2\/posts\/4821\/revisions\/4822"}],"wp:attachment":[{"href":"https:\/\/www.toque-musicall.com\/index.php?rest_route=%2Fwp%2Fv2%2Fmedia&parent=4821"}],"wp:term":[{"taxonomy":"category","embeddable":true,"href":"https:\/\/www.toque-musicall.com\/index.php?rest_route=%2Fwp%2Fv2%2Fcategories&post=4821"},{"taxonomy":"post_tag","embeddable":true,"href":"https:\/\/www.toque-musicall.com\/index.php?rest_route=%2Fwp%2Fv2%2Ftags&post=4821"}],"curies":[{"name":"wp","href":"https:\/\/api.w.org\/{rel}","templated":true}]}}