{"id":483,"date":"2011-04-22T14:21:00","date_gmt":"2011-04-22T14:21:00","guid":{"rendered":"http:\/\/www.toque-musicall.com\/?p=483"},"modified":"2011-04-22T14:21:00","modified_gmt":"2011-04-22T14:21:00","slug":"eduardo-delgado-fabrica-de-musica-1992","status":"publish","type":"post","link":"https:\/\/www.toque-musicall.com\/?p=483","title":{"rendered":"Eduardo Delgado &#8211; F\u00e1brica de M\u00fasica (1992)"},"content":{"rendered":"<div style=\"clear: both; text-align: center;\"><a href=\"http:\/\/1.bp.blogspot.com\/-5BsWQOC2Xqc\/TbGAagMe6HI\/AAAAAAAAH9M\/sKZLWYnYrdc\/s1600\/Eduardo+Delgado+P.JPG\" style=\"margin-left: 1em; margin-right: 1em;\"><img loading=\"lazy\" decoding=\"async\" border=\"0\" height=\"396\" src=\"http:\/\/1.bp.blogspot.com\/-5BsWQOC2Xqc\/TbGAagMe6HI\/AAAAAAAAH9M\/sKZLWYnYrdc\/s400\/Eduardo+Delgado+P.JPG\" width=\"400\" \/><\/a><\/div>\n<p>Ol\u00e1s! Pensei, hoje, em postar aqui alguma coisa relacionada \u00e0 Sexta Feira da Paix\u00e3o e ao mesmo tempo que fosse uma produ\u00e7\u00e3o independente. N\u00e3o me lembrei de nada muito espec\u00edfico e nessas condi\u00e7\u00f5es. Da\u00ed, resolvi fazer melhor, trazer um disco de m\u00fasica instrumental, calmo e contemplativo. Me lembrei deste \u00e1lbum do compositor, flautista e saxofonista <a href=\"http:\/\/www.myspace.com\/edelgas\">Eduardo Delgado<\/a>. At\u00e9 na capa, sua figura de barba, nos remete a outra, de um Cristo flautista (ou seria um Ian Anderson disfar\u00e7ado?) Talvez, nenhum, nem outro, ou mais ainda&#8230;<br \/>Eduardo Delgado \u00e9 um instrumentista mineiro que faz parte da nata gorda dos m\u00fasicos de Belo Horizonte. J\u00e1 tocou com os mais diversos artistas da m\u00fasica, passeando pelo rock progressivo, jazz, m\u00fasica instrumental mineira (que \u00e9 algo ainda a ser classificado), chorinho e tudo mais onde cabe uma boa flauta ou sax.<br \/>&#8220;F\u00e1brica de M\u00fasica&#8221; foi o primeiro disco deste excelente m\u00fasico, lan\u00e7ado de forma independente, no in\u00edcio dos anos 90. Apresenta um repert\u00f3rio com nove m\u00fasicas suas e de artistas mineiros como Juarez Moreira, Beto Lopes, Tavinho Moura com Milton Nascimento e Paulinho Pedra Azul. Tocam com ele na banda Kiko Mitre no baixo, Ricardo Fiuza no teclado, Nenen na bateria e Amaury Angelo na guitarra. Como convidados, participam ainda, de uma forma ou de outra, Tavinho Moura, Juarez Moreira, Mauro Rodrigues, Beto Lopes, Chico Amaral, Gilson Queiroz e Victor Santos.<br \/>Ta\u00ed um bom disco para se ouvir num dia como o de hoje (e no de amanh\u00e3, depois e depois&#8230;)<\/p>\n<div style=\"text-align: center;\">reencontro<\/div>\n<div style=\"text-align: center;\">balada para luciana<\/div>\n<div style=\"text-align: center;\">meus amigos<\/div>\n<div style=\"text-align: center;\">em poucas palavras<\/div>\n<div style=\"text-align: center;\">valsa do desencanto<\/div>\n<div style=\"text-align: center;\">canto das \u00e1guas<\/div>\n<div style=\"text-align: center;\">fernanda<\/div>\n<div style=\"text-align: center;\">brisa<\/div>\n<div style=\"text-align: center;\">peguei a reta<\/div>\n","protected":false},"excerpt":{"rendered":"<p>Ol\u00e1s! Pensei, hoje, em postar aqui alguma coisa relacionada \u00e0 Sexta Feira da Paix\u00e3o e ao mesmo tempo que fosse uma produ\u00e7\u00e3o independente. N\u00e3o me lembrei de nada muito espec\u00edfico e nessas condi\u00e7\u00f5es. Da\u00ed, resolvi fazer melhor, trazer um disco &hellip; <a href=\"https:\/\/www.toque-musicall.com\/?p=483\">Continue lendo <span class=\"meta-nav\">&rarr;<\/span><\/a><\/p>\n","protected":false},"author":1,"featured_media":0,"comment_status":"open","ping_status":"closed","sticky":false,"template":"","format":"standard","meta":{"footnotes":""},"categories":[761,25],"tags":[],"class_list":["post-483","post","type-post","status-publish","format-standard","hentry","category-eduardo-delgado","category-selo-independente"],"_links":{"self":[{"href":"https:\/\/www.toque-musicall.com\/index.php?rest_route=\/wp\/v2\/posts\/483","targetHints":{"allow":["GET"]}}],"collection":[{"href":"https:\/\/www.toque-musicall.com\/index.php?rest_route=\/wp\/v2\/posts"}],"about":[{"href":"https:\/\/www.toque-musicall.com\/index.php?rest_route=\/wp\/v2\/types\/post"}],"author":[{"embeddable":true,"href":"https:\/\/www.toque-musicall.com\/index.php?rest_route=\/wp\/v2\/users\/1"}],"replies":[{"embeddable":true,"href":"https:\/\/www.toque-musicall.com\/index.php?rest_route=%2Fwp%2Fv2%2Fcomments&post=483"}],"version-history":[{"count":0,"href":"https:\/\/www.toque-musicall.com\/index.php?rest_route=\/wp\/v2\/posts\/483\/revisions"}],"wp:attachment":[{"href":"https:\/\/www.toque-musicall.com\/index.php?rest_route=%2Fwp%2Fv2%2Fmedia&parent=483"}],"wp:term":[{"taxonomy":"category","embeddable":true,"href":"https:\/\/www.toque-musicall.com\/index.php?rest_route=%2Fwp%2Fv2%2Fcategories&post=483"},{"taxonomy":"post_tag","embeddable":true,"href":"https:\/\/www.toque-musicall.com\/index.php?rest_route=%2Fwp%2Fv2%2Ftags&post=483"}],"curies":[{"name":"wp","href":"https:\/\/api.w.org\/{rel}","templated":true}]}}