{"id":4832,"date":"2015-03-14T23:27:05","date_gmt":"2015-03-15T02:27:05","guid":{"rendered":"http:\/\/www.toque-musicall.com\/?p=4832"},"modified":"2015-03-15T05:52:15","modified_gmt":"2015-03-15T08:52:15","slug":"fabiano-pimenta-as-ruas-e-as-serestas-1970","status":"publish","type":"post","link":"https:\/\/www.toque-musicall.com\/?p=4832","title":{"rendered":"Fabiano Pimenta &#8211; As Ruas E As Serestas (1970)"},"content":{"rendered":"<p><img loading=\"lazy\" decoding=\"async\" class=\"aligncenter\" alt=\"\" src=\"http:\/\/2.bp.blogspot.com\/-VLwjt4jLH-8\/VQS_YQMSRAI\/AAAAAAAALRc\/-ChW2vrC-7o\/s1600\/capap.JPG\" width=\"1000\" height=\"1020\" \/><img loading=\"lazy\" decoding=\"async\" class=\"aligncenter\" alt=\"\" src=\"http:\/\/3.bp.blogspot.com\/-mX_2mLxCwf8\/VQS_n0g4OuI\/AAAAAAAALRk\/h55kwkct6to\/s1600\/contrap.JPG\" width=\"1000\" height=\"994\" \/>A quem possa interessar&#8230; Temos aqui um disco de seresta. Um aut\u00eantico mineirinho, que nos remente a imagens das noites de uma Diamantina, que hoje quase j\u00e1 n\u00e3o existem mais. As noites de serestas que ecoavam muito al\u00e9m das montanhas de Minas, tendo como um de seus maiores entusiastas a figura de Jucelino Kubichek, filho entre os mais ilustres da cidade.<br \/>\nNeste lp temos o seresteiro Fabiano Pimenta acompanhado por Waldir Silva e seu regional interpretando os cl\u00e1ssicos das noites de serestas em Diamantina. Gravado no Est\u00fadio Bemol, em Belo Horizonte no inicio dos anos 7<a href=\"http:\/\/depositfiles.org\/files\/2b07cno8k\" target=\"_blank\">0<\/a>.<\/p>\n<div style=\"text-align: center;\">diamantina em seresta<\/div>\n<div style=\"text-align: center;\">meiga virgem<\/div>\n<div style=\"text-align: center;\">varrer-te da mem\u00f3ria<\/div>\n<div style=\"text-align: center;\">as ruas e as serestas<\/div>\n<div style=\"text-align: center;\">elvira escuta<\/div>\n<div style=\"text-align: center;\">\u00e9 a ti flor do c\u00e9u<\/div>\n<div style=\"text-align: center;\">acorda minha beleza<\/div>\n<div style=\"text-align: center;\">sonhei-a<\/div>\n<div style=\"text-align: center;\">gondoleiro do amor<\/div>\n<div style=\"text-align: center;\">noite cheia de estrelas<\/div>\n<div style=\"text-align: center;\"><\/div>\n<div style=\"text-align: center;\">.<\/div>\n<p style=\"text-align: center;\">\n","protected":false},"excerpt":{"rendered":"<p>A quem possa interessar&#8230; Temos aqui um disco de seresta. Um aut\u00eantico mineirinho, que nos remente a imagens das noites de uma Diamantina, que hoje quase j\u00e1 n\u00e3o existem mais. As noites de serestas que ecoavam muito al\u00e9m das montanhas &hellip; <a href=\"https:\/\/www.toque-musicall.com\/?p=4832\">Continue lendo <span class=\"meta-nav\">&rarr;<\/span><\/a><\/p>\n","protected":false},"author":1,"featured_media":0,"comment_status":"open","ping_status":"closed","sticky":false,"template":"","format":"standard","meta":{"footnotes":""},"categories":[2537,257,853],"tags":[],"class_list":["post-4832","post","type-post","status-publish","format-standard","hentry","category-fabiano-pimenta","category-selo-bemol","category-waldir-silva"],"_links":{"self":[{"href":"https:\/\/www.toque-musicall.com\/index.php?rest_route=\/wp\/v2\/posts\/4832","targetHints":{"allow":["GET"]}}],"collection":[{"href":"https:\/\/www.toque-musicall.com\/index.php?rest_route=\/wp\/v2\/posts"}],"about":[{"href":"https:\/\/www.toque-musicall.com\/index.php?rest_route=\/wp\/v2\/types\/post"}],"author":[{"embeddable":true,"href":"https:\/\/www.toque-musicall.com\/index.php?rest_route=\/wp\/v2\/users\/1"}],"replies":[{"embeddable":true,"href":"https:\/\/www.toque-musicall.com\/index.php?rest_route=%2Fwp%2Fv2%2Fcomments&post=4832"}],"version-history":[{"count":3,"href":"https:\/\/www.toque-musicall.com\/index.php?rest_route=\/wp\/v2\/posts\/4832\/revisions"}],"predecessor-version":[{"id":4834,"href":"https:\/\/www.toque-musicall.com\/index.php?rest_route=\/wp\/v2\/posts\/4832\/revisions\/4834"}],"wp:attachment":[{"href":"https:\/\/www.toque-musicall.com\/index.php?rest_route=%2Fwp%2Fv2%2Fmedia&parent=4832"}],"wp:term":[{"taxonomy":"category","embeddable":true,"href":"https:\/\/www.toque-musicall.com\/index.php?rest_route=%2Fwp%2Fv2%2Fcategories&post=4832"},{"taxonomy":"post_tag","embeddable":true,"href":"https:\/\/www.toque-musicall.com\/index.php?rest_route=%2Fwp%2Fv2%2Ftags&post=4832"}],"curies":[{"name":"wp","href":"https:\/\/api.w.org\/{rel}","templated":true}]}}