{"id":4836,"date":"2015-03-15T08:53:21","date_gmt":"2015-03-15T11:53:21","guid":{"rendered":"http:\/\/www.toque-musicall.com\/?p=4836"},"modified":"2015-03-15T08:53:21","modified_gmt":"2015-03-15T11:53:21","slug":"pedrotti-e-seu-trombone-gafieira-meu-xodo-1975","status":"publish","type":"post","link":"https:\/\/www.toque-musicall.com\/?p=4836","title":{"rendered":"Pedrotti E Seu Trombone &#8211; Gafieira Meu Xod\u00f3 (1975)"},"content":{"rendered":"<p><img loading=\"lazy\" decoding=\"async\" class=\"aligncenter\" alt=\"\" src=\"http:\/\/2.bp.blogspot.com\/-hn03n-UFomw\/VQVgDEz3GfI\/AAAAAAAALR4\/Q_fJDAGbCjs\/s1600\/cpp.JPG\" width=\"1000\" height=\"995\" \/><img loading=\"lazy\" decoding=\"async\" class=\"aligncenter\" alt=\"\" src=\"http:\/\/1.bp.blogspot.com\/-78Sn_D_RZ24\/VQVgSJhyGoI\/AAAAAAAALSI\/VMF_eLoqazA\/s1600\/contrap.JPG\" width=\"1000\" height=\"994\" \/>A quem possa interessar&#8230; &#8220;Pedrotti e seu Trombone &#8211; Gafieira, Meu Xod\u00f3&#8221;. Disco lan\u00e7ado em 1975 pelo selo carioca Discofam, trazendo o trombonista, maestro, compositor, arranjador e professor Lineu Fernandes Pedrotti, em seu segundo lp. Pedrotti \u00e9 um m\u00fasico respeitado, um dos maiores trombonistas brasileiros com uma afina\u00e7\u00e3o para o samba que tem feito escola. Neste lp podemos bem constatar o seu talento. Vale a pena ouvi-lo, mesmo apesar da tremenda sacanagem que fizeram ao mixar a grava\u00e7\u00e3o com um suposto (e chato) zum zum zum de gafieira. Uma fala\u00e7\u00e3o (a voz at\u00e9 parece com a do Jo\u00e3o Nogueira) que n\u00e3o se limita a vinhetas e finais, vai direto&#8230; \u00c9 como se entre o microfone da grava\u00e7\u00e3o e o Pedrotti houvesse uma mesa de gafieira bem agitada, a turma toda se comportando conforme o habitual. Este \u00e9 o tipo de disco, perfeito, para quem faz uma festa e n\u00e3o aparece ningu\u00e9m. Poe para tocar alto, quem escuta de fora vai logo pensar, putz, que fest\u00e3<a href=\"http:\/\/depositfiles.org\/files\/4v8xv74vi\" target=\"_blank\">o<\/a>!<\/p>\n<div style=\"text-align: center;\">tamanco malandrinho<\/div>\n<div style=\"text-align: center;\">batendo a porta &#8211; foi um rio que passou em minha vida<\/div>\n<div style=\"text-align: center;\">retalho de cetim &#8211; naquela mesa<\/div>\n<div style=\"text-align: center;\">vem chegando a madrugada &#8211; fechei a porta<\/div>\n<div style=\"text-align: center;\">tem capoeira &#8211; maior \u00e9 deus<\/div>\n<div style=\"text-align: center;\">helena, helena &#8211; assassinato do camar\u00e3o<\/div>\n<div style=\"text-align: center;\">na gl\u00f3ria<\/div>\n<div style=\"text-align: center;\">o pequeno burguez &#8211; 1800 colinas<\/div>\n<div style=\"text-align: center;\">eu quero apenas &#8211; ningu\u00e9m tasca (o gavi\u00e3o)<\/div>\n<div style=\"text-align: center;\">arrependimento &#8211; apelo<\/div>\n<div style=\"text-align: center;\">eu agora sou feliz &#8211; tristeza<\/div>\n<div style=\"text-align: center;\">paraquedista<\/div>\n<div style=\"text-align: center;\">cheiro de saudade &#8211; o importante \u00e9 ser fevereiro<\/div>\n<div style=\"text-align: center;\">general da banda &#8211; guardei minha viola &#8211; maracangalha<\/div>\n<div style=\"text-align: center;\"><\/div>\n<div style=\"text-align: center;\">.<\/div>\n<p style=\"text-align: center;\">\n","protected":false},"excerpt":{"rendered":"<p>A quem possa interessar&#8230; &#8220;Pedrotti e seu Trombone &#8211; Gafieira, Meu Xod\u00f3&#8221;. Disco lan\u00e7ado em 1975 pelo selo carioca Discofam, trazendo o trombonista, maestro, compositor, arranjador e professor Lineu Fernandes Pedrotti, em seu segundo lp. Pedrotti \u00e9 um m\u00fasico respeitado, &hellip; <a href=\"https:\/\/www.toque-musicall.com\/?p=4836\">Continue lendo <span class=\"meta-nav\">&rarr;<\/span><\/a><\/p>\n","protected":false},"author":1,"featured_media":0,"comment_status":"open","ping_status":"closed","sticky":false,"template":"","format":"standard","meta":{"footnotes":""},"categories":[2539],"tags":[],"class_list":["post-4836","post","type-post","status-publish","format-standard","hentry","category-selo-discofam"],"_links":{"self":[{"href":"https:\/\/www.toque-musicall.com\/index.php?rest_route=\/wp\/v2\/posts\/4836","targetHints":{"allow":["GET"]}}],"collection":[{"href":"https:\/\/www.toque-musicall.com\/index.php?rest_route=\/wp\/v2\/posts"}],"about":[{"href":"https:\/\/www.toque-musicall.com\/index.php?rest_route=\/wp\/v2\/types\/post"}],"author":[{"embeddable":true,"href":"https:\/\/www.toque-musicall.com\/index.php?rest_route=\/wp\/v2\/users\/1"}],"replies":[{"embeddable":true,"href":"https:\/\/www.toque-musicall.com\/index.php?rest_route=%2Fwp%2Fv2%2Fcomments&post=4836"}],"version-history":[{"count":2,"href":"https:\/\/www.toque-musicall.com\/index.php?rest_route=\/wp\/v2\/posts\/4836\/revisions"}],"predecessor-version":[{"id":4838,"href":"https:\/\/www.toque-musicall.com\/index.php?rest_route=\/wp\/v2\/posts\/4836\/revisions\/4838"}],"wp:attachment":[{"href":"https:\/\/www.toque-musicall.com\/index.php?rest_route=%2Fwp%2Fv2%2Fmedia&parent=4836"}],"wp:term":[{"taxonomy":"category","embeddable":true,"href":"https:\/\/www.toque-musicall.com\/index.php?rest_route=%2Fwp%2Fv2%2Fcategories&post=4836"},{"taxonomy":"post_tag","embeddable":true,"href":"https:\/\/www.toque-musicall.com\/index.php?rest_route=%2Fwp%2Fv2%2Ftags&post=4836"}],"curies":[{"name":"wp","href":"https:\/\/api.w.org\/{rel}","templated":true}]}}