{"id":484,"date":"2011-04-21T23:37:00","date_gmt":"2011-04-21T23:37:00","guid":{"rendered":"http:\/\/www.toque-musicall.com\/?p=484"},"modified":"2011-04-21T23:37:00","modified_gmt":"2011-04-21T23:37:00","slug":"os-saxsambistas-brasileiros-percussao-em-festa-1962","status":"publish","type":"post","link":"https:\/\/www.toque-musicall.com\/?p=484","title":{"rendered":"Os Saxsambistas Brasileiros &#8211; Percuss\u00e3o Em Festa (1962)"},"content":{"rendered":"<div style=\"clear: both; text-align: center;\"><a href=\"http:\/\/2.bp.blogspot.com\/-ikSeAL6Bobw\/TbB_Q9zdVJI\/AAAAAAAAH9E\/ISQHwLy7flo\/s1600\/os+saxsambistas+brasileiros+P.JPG\" style=\"margin-left: 1em; margin-right: 1em;\"><img loading=\"lazy\" decoding=\"async\" border=\"0\" height=\"397\" src=\"http:\/\/2.bp.blogspot.com\/-ikSeAL6Bobw\/TbB_Q9zdVJI\/AAAAAAAAH9E\/ISQHwLy7flo\/s400\/os+saxsambistas+brasileiros+P.JPG\" width=\"400\" \/><\/a><\/div>\n<p>Boa noite, amigos cultos e ocultos! Hoje eu estive aproveitando a folga do feriado para curtir os dois briquedinhos que chegaram ontem para mim, meu novo computador e tamb\u00e9m a nova bike. Passei o dia em lua de mel, passeando pela cidade num modelinho cl\u00e1ssico da Dahon, que chama mais aten\u00e7\u00e3o que muita Harley-Davidson por a\u00ed. Agora, a noite, estou aqui fazendo minha primeira postagem, tranquil\u00e3o, deitado na cama, usando meu MacBook Pro. Uau, que felicidade! Meu sonho de consumo para 2011 est\u00e1 completo. Desculpem a ostenta\u00e7\u00e3o, mas n\u00e3o resisti&#8230; A alegria s\u00f3 fica completa depois de contar aos amigos.<br \/>Para um dia t\u00e3o especial, nada melhor que um disco tamb\u00e9m especial. Eu trago aqui um \u00e1lbum que \u00e9, sem d\u00favida, uma j\u00f3ia rara, bonito em todos os sentidos, da capa ao repert\u00f3rio, dos m\u00fasicos aos arranjos. Temos Os Saxsambistas Brasileiros em seu segundo disco, pelo obscuro selo Plaza. Estou verificando aqui que os dois discos j\u00e1 foram postados no saudoso Loronix (esse Zeca tava em todas!). Todavia, acho que o meu deve estar melhor que o do Loro, at\u00e9 na capa \ud83d\ude09<br \/>&#8220;Percuss\u00e3o em festa&#8221; segue aquela linha de \u00e1lbuns gravados em Hi Fi, no final dos anos 50 e in\u00edcio dos 60, onde a m\u00fasica de destaca por uma sonoridade rica e variada, explorando as ent\u00e3o, novas t\u00e9cnicas de grava\u00e7\u00e3o. Para tanto, nada melhor que um repert\u00f3rio pautado no samba e um grupo como Os Saxsambistas Brasileiros. Formado por Z\u00e9 Bodega, Lourival de Souza, Jayme Ara\u00fajo, Netinho e Aderbal Moreira, eles ainda contam, neste disco, com a participa\u00e7\u00e3o de outros \u00a0grandes m\u00fasicos. Est\u00e3o todos listados na contracapa, mas vale adiantar: Manoel Ara\u00fajo no trombone; Copinha na flauta; Z\u00e9 Cl\u00e1udio no vibrafone; Jos\u00e9 Menezes na guitarra; Bill Earl no contrabaixo; Trinca e Hugo Tagnin na bateria. Completando o time, tem tamb\u00e9m o grupo de ritmistas formado por figuras como Heitor dos Prazes, Boca de Ouro, Mar\u00e7al e outras feras do samba, que em geral s\u00e3o apresentados apenas pelo primeiro nome. Juntar tanta gente boa e diferente assim, n\u00e3o se faz por acaso. O resultado vale o peso da soma desses m\u00fasicos. Um disco perfeito e delicioso de se ouvir.<br \/>Esse neg\u00f3cio de ficar deitado na cama fazendo postagem, d\u00e1 uma pregui\u00e7a danada. Acho que eu vou ficando por aqui. Deixo os complementos e coment\u00e1rios para os amigos. A corre\u00e7\u00e3o por conta daqueles que se sentirem mais incomodados (com direito \u00e0s crititicas habituais). Fiquem a vontade, pois eu de c\u00e1, hoje, sou s\u00f3 alegria \ud83d\ude42<\/p>\n<div style=\"text-align: center;\">tico tico no fub\u00e1<\/div>\n<div style=\"text-align: center;\">samba fant\u00e1stico<\/div>\n<div style=\"text-align: center;\">aquarela do brasil<\/div>\n<div style=\"text-align: center;\">flying down to rio<\/div>\n<div style=\"text-align: center;\">olhos negros<\/div>\n<div style=\"text-align: center;\">south american way<\/div>\n<div style=\"text-align: center;\">na baixa do sapateiro<\/div>\n<div style=\"text-align: center;\">a felicidade<\/div>\n<div style=\"text-align: center;\">carioca<\/div>\n<div style=\"text-align: center;\">n\u00e3o tenho l\u00e1grimas<\/div>\n<div style=\"text-align: center;\">copacabana\u00a0<\/div>\n<div style=\"text-align: center;\">santa l\u00facia<\/div>\n<div style=\"text-align: center;\"><\/div>\n","protected":false},"excerpt":{"rendered":"<p>Boa noite, amigos cultos e ocultos! Hoje eu estive aproveitando a folga do feriado para curtir os dois briquedinhos que chegaram ontem para mim, meu novo computador e tamb\u00e9m a nova bike. Passei o dia em lua de mel, passeando &hellip; <a href=\"https:\/\/www.toque-musicall.com\/?p=484\">Continue lendo <span class=\"meta-nav\">&rarr;<\/span><\/a><\/p>\n","protected":false},"author":1,"featured_media":0,"comment_status":"open","ping_status":"closed","sticky":false,"template":"","format":"standard","meta":{"footnotes":""},"categories":[762,763],"tags":[],"class_list":["post-484","post","type-post","status-publish","format-standard","hentry","category-os-saxsambistas-brasileiros","category-selo-plaza"],"_links":{"self":[{"href":"https:\/\/www.toque-musicall.com\/index.php?rest_route=\/wp\/v2\/posts\/484","targetHints":{"allow":["GET"]}}],"collection":[{"href":"https:\/\/www.toque-musicall.com\/index.php?rest_route=\/wp\/v2\/posts"}],"about":[{"href":"https:\/\/www.toque-musicall.com\/index.php?rest_route=\/wp\/v2\/types\/post"}],"author":[{"embeddable":true,"href":"https:\/\/www.toque-musicall.com\/index.php?rest_route=\/wp\/v2\/users\/1"}],"replies":[{"embeddable":true,"href":"https:\/\/www.toque-musicall.com\/index.php?rest_route=%2Fwp%2Fv2%2Fcomments&post=484"}],"version-history":[{"count":0,"href":"https:\/\/www.toque-musicall.com\/index.php?rest_route=\/wp\/v2\/posts\/484\/revisions"}],"wp:attachment":[{"href":"https:\/\/www.toque-musicall.com\/index.php?rest_route=%2Fwp%2Fv2%2Fmedia&parent=484"}],"wp:term":[{"taxonomy":"category","embeddable":true,"href":"https:\/\/www.toque-musicall.com\/index.php?rest_route=%2Fwp%2Fv2%2Fcategories&post=484"},{"taxonomy":"post_tag","embeddable":true,"href":"https:\/\/www.toque-musicall.com\/index.php?rest_route=%2Fwp%2Fv2%2Ftags&post=484"}],"curies":[{"name":"wp","href":"https:\/\/api.w.org\/{rel}","templated":true}]}}