{"id":485,"date":"2011-04-20T10:29:00","date_gmt":"2011-04-20T10:29:00","guid":{"rendered":"http:\/\/www.toque-musicall.com\/?p=485"},"modified":"2011-04-20T10:29:00","modified_gmt":"2011-04-20T10:29:00","slug":"noel-rosa-rca-camden-1967","status":"publish","type":"post","link":"https:\/\/www.toque-musicall.com\/?p=485","title":{"rendered":"Noel Rosa &#8211; RCA Camden (1967)"},"content":{"rendered":"<div style=\"clear: both; text-align: center;\"><a href=\"http:\/\/4.bp.blogspot.com\/-Q5ghAyxR2o8\/Ta6sEaBuItI\/AAAAAAAAH88\/u5fY7ympJwA\/s1600\/noel+F.JPG\" style=\"margin-left: 1em; margin-right: 1em;\"><img loading=\"lazy\" decoding=\"async\" border=\"0\" height=\"397\" src=\"http:\/\/4.bp.blogspot.com\/-Q5ghAyxR2o8\/Ta6sEaBuItI\/AAAAAAAAH88\/u5fY7ympJwA\/s400\/noel+F.JPG\" width=\"400\" \/><\/a><\/div>\n<p>Bom dia! Hoje eu acordei com vontade de ouvir m\u00fasicas de Noel Rosa. J\u00e1 faz um bom tempo que n\u00e3o escuto nada dele, desde a semana passada \ud83d\ude42 Vou colocando para fora (no bom sentido, claro) alguns \u00e1lbuns que ficaram l\u00e1 no fund\u00e3o da gaveta, esperando uma hora, assim como essa, em que eu estou mais corrido e automatizado que o Charles Chaplin em &#8220;Tempos Modernos&#8221;. Hoje eu juntei a fome com a vontade de comer. Ent\u00e3o vamos saborear&#8230;<br \/>Temos aqui um \u00e1lbum lan\u00e7ado em 1967, pelo selo RCA Camden. Segundo o texto da contracapa, &#8216;associado \u00e0s comemora\u00e7\u00f5es do 30\u00ba anivers\u00e1rio da morte de Noel Rosa&#8230;&#8217;. Sinceramente, eu preferia dizer &#8216;relembrando&#8217;, pois &#8216;comemora\u00e7\u00e3o&#8217; sempre me soou mais como uma situa\u00e7\u00e3o alegria, e em &#8216;anivers\u00e1rio da morte&#8217; fica ent\u00e3o como um trocadilho infame. Mas quem sou para corrigir o proposto. Tomo isso apenas como uma observa\u00e7\u00e3o curiosa. O importante \u00e9 que temos aqui uma sele\u00e7\u00e3o bem bacana, j\u00e1 conhecida por todos. Uuma cole\u00e7\u00e3o musical extra\u00edda de antigos discos e grava\u00e7\u00f5es da RCA Victor, com alguns dos seus mais importantes artistas, como se pode ver na capa ou logo a baixo na lista das faixas. Possivelmente, acho que quase todas essas grava\u00e7\u00f5es podem ser encontradas em outros discos postados aqui. Mas uma coletaneazinha sempre ca\u00ed bem , n\u00e3o \u00e9 mesmo. Por tanto, vamos a ela&#8230;<\/p>\n<div style=\"text-align: center;\">menina dos olhos &#8211; orlando silva<\/div>\n<div style=\"text-align: center;\">feiti\u00e7o da vila &#8211; nelson gon\u00e7alves<\/div>\n<div style=\"text-align: center;\">rapaz folgado &#8211; aracy de almeida<\/div>\n<div style=\"text-align: center;\">pra que mentir &#8211; s\u00edlvio caldas<\/div>\n<div style=\"text-align: center;\">cidade mulher &#8211; orlando silva<\/div>\n<div style=\"text-align: center;\">\u00faltimo desejo &#8211; isaura garcia<\/div>\n<div style=\"text-align: center;\">quando o samba acabou &#8211; nelson gon\u00e7alves<\/div>\n<div style=\"text-align: center;\">sil\u00eancio de um minuto &#8211; mar\u00edlia batista<\/div>\n<div style=\"text-align: center;\">pela primeira vez &#8211; orlando silva<\/div>\n<div style=\"text-align: center;\">com que roupa &#8211; nelson gon\u00e7alves<\/div>\n<div style=\"text-align: center;\">queixumes &#8211; carlos galhardo<\/div>\n<div style=\"text-align: center;\">a e i o u &#8211; lamartine babo<\/div>\n<div style=\"text-align: center;\">s\u00e9culo do progresso &#8211; aracy \u00a0de almeida<\/div>\n<div style=\"text-align: center;\">palpite infeliz &#8211; nelson gon\u00e7alves<\/div>\n<div style=\"text-align: center;\"><\/div>\n","protected":false},"excerpt":{"rendered":"<p>Bom dia! Hoje eu acordei com vontade de ouvir m\u00fasicas de Noel Rosa. J\u00e1 faz um bom tempo que n\u00e3o escuto nada dele, desde a semana passada \ud83d\ude42 Vou colocando para fora (no bom sentido, claro) alguns \u00e1lbuns que ficaram &hellip; <a href=\"https:\/\/www.toque-musicall.com\/?p=485\">Continue lendo <span class=\"meta-nav\">&rarr;<\/span><\/a><\/p>\n","protected":false},"author":1,"featured_media":0,"comment_status":"open","ping_status":"closed","sticky":false,"template":"","format":"standard","meta":{"footnotes":""},"categories":[534,138,713,764,765,678,85,277,12],"tags":[],"class_list":["post-485","post","type-post","status-publish","format-standard","hentry","category-aracy-de-almeida","category-carlos-galhardo","category-isaura-garcia","category-lamartine-babo","category-marilia-batista","category-noel-rosa","category-orlando-silva","category-selo-rca-camden","category-silvio-caldas"],"_links":{"self":[{"href":"https:\/\/www.toque-musicall.com\/index.php?rest_route=\/wp\/v2\/posts\/485","targetHints":{"allow":["GET"]}}],"collection":[{"href":"https:\/\/www.toque-musicall.com\/index.php?rest_route=\/wp\/v2\/posts"}],"about":[{"href":"https:\/\/www.toque-musicall.com\/index.php?rest_route=\/wp\/v2\/types\/post"}],"author":[{"embeddable":true,"href":"https:\/\/www.toque-musicall.com\/index.php?rest_route=\/wp\/v2\/users\/1"}],"replies":[{"embeddable":true,"href":"https:\/\/www.toque-musicall.com\/index.php?rest_route=%2Fwp%2Fv2%2Fcomments&post=485"}],"version-history":[{"count":0,"href":"https:\/\/www.toque-musicall.com\/index.php?rest_route=\/wp\/v2\/posts\/485\/revisions"}],"wp:attachment":[{"href":"https:\/\/www.toque-musicall.com\/index.php?rest_route=%2Fwp%2Fv2%2Fmedia&parent=485"}],"wp:term":[{"taxonomy":"category","embeddable":true,"href":"https:\/\/www.toque-musicall.com\/index.php?rest_route=%2Fwp%2Fv2%2Fcategories&post=485"},{"taxonomy":"post_tag","embeddable":true,"href":"https:\/\/www.toque-musicall.com\/index.php?rest_route=%2Fwp%2Fv2%2Ftags&post=485"}],"curies":[{"name":"wp","href":"https:\/\/api.w.org\/{rel}","templated":true}]}}