{"id":4854,"date":"2015-03-31T23:53:00","date_gmt":"2015-04-01T02:53:00","guid":{"rendered":"http:\/\/www.toque-musicall.com\/?p=4854"},"modified":"2015-03-31T23:53:00","modified_gmt":"2015-04-01T02:53:00","slug":"os-cantores-de-ebano-e-os-anjos-voltam-a-cantar-1991","status":"publish","type":"post","link":"https:\/\/www.toque-musicall.com\/?p=4854","title":{"rendered":"Os Cantores De \u00c9bano &#8211; E os Anjos Voltam A Cantar (1991)"},"content":{"rendered":"<p><img loading=\"lazy\" decoding=\"async\" class=\"aligncenter\" alt=\"\" src=\"http:\/\/3.bp.blogspot.com\/-qb3fLw6t4Ks\/VRtPrRiuipI\/AAAAAAAALVA\/FxeAOL8MIck\/s1600\/capap.JPG\" width=\"1000\" height=\"1009\" \/><img loading=\"lazy\" decoding=\"async\" class=\"aligncenter\" alt=\"\" src=\"http:\/\/4.bp.blogspot.com\/-V4pUufW1BGE\/VRtPwtdWnWI\/AAAAAAAALVI\/herqFKR2NWM\/s1600\/contrap.JPG\" width=\"1000\" height=\"997\" \/>A quem possa interessar&#8230; Os Cantores de \u00c9bano, grupo vocal criado por Nilo Amaro, o &#8216;Azul\u00e3o&#8217; no inicio dos anos 60. Gravaram dois lp pela Odeon. O grupo tinha como caracter\u00edstica o fato de todos os cantores serem negros. Tinha como destaque o cantor Noriel Vilela que fazia o tom mais grave, o chamado &#8216;baixo profundo&#8217;. Nilo Amaro e seus cantores alcan\u00e7aram muito sucesso, o que lhes valeram apresenta\u00e7\u00f5es na Europa, na Argentina e em diversas cidades brasileiras. Seus dois maiores sucessos s\u00e3o &#8220;Leva eu sodade&#8221; e &#8220;O uirapur\u00fa&#8221;. Na d\u00e9cada de 70 falece Noriel e o grupo de desfaz. V\u00e1rias foram as tentativas de voltar, mas achar um cantor como Noriel Vilela n\u00e3o foi f\u00e1cil. Parece que Nilo Amaro tentou refazer o coletivo, mas descaracterizado, sem o gog\u00f3 do Noriel e com v\u00e1rios elementos que n\u00e3o eram negros. Curiosamente, neste lp de 1991, em nenhum momento o nome de Nilo Amaro \u00e9 citado. Imagino que tenha rolado um &#8216;racha&#8217; e nessa ele ficou de fora.<br \/>\nNesta nova vers\u00e3o dos Cantores de \u00c9bano temos uma sele\u00e7\u00e3o de repert\u00f3rio que procura resgatar sua pr\u00f3pria origem, regravando \u00a0entre outras seu dois maiores sucessos. Produ\u00e7\u00e3o quase independent<a href=\"http:\/\/depositfiles.org\/files\/5nwvhv2yn\" target=\"_blank\">e<\/a>.<\/p>\n<div style=\"text-align: center;\">green fields<\/div>\n<div style=\"text-align: center;\">vaqueiro prevenido<\/div>\n<div style=\"text-align: center;\">n\u00e3o saber\u00e3o<\/div>\n<div style=\"text-align: center;\">negrinho do pastoreiro<\/div>\n<div style=\"text-align: center;\">o uirapuru<\/div>\n<div style=\"text-align: center;\">deixa rolar<\/div>\n<div style=\"text-align: center;\">down by the river side<\/div>\n<div style=\"text-align: center;\">saudade repartida<\/div>\n<div style=\"text-align: center;\">vai l\u00e1 mois\u00e9s<\/div>\n<div style=\"text-align: center;\">leva eu sodade<\/div>\n<div style=\"text-align: center;\"><\/div>\n<div style=\"text-align: center;\">.<\/div>\n","protected":false},"excerpt":{"rendered":"<p>A quem possa interessar&#8230; Os Cantores de \u00c9bano, grupo vocal criado por Nilo Amaro, o &#8216;Azul\u00e3o&#8217; no inicio dos anos 60. Gravaram dois lp pela Odeon. O grupo tinha como caracter\u00edstica o fato de todos os cantores serem negros. Tinha &hellip; <a href=\"https:\/\/www.toque-musicall.com\/?p=4854\">Continue lendo <span class=\"meta-nav\">&rarr;<\/span><\/a><\/p>\n","protected":false},"author":1,"featured_media":0,"comment_status":"open","ping_status":"closed","sticky":false,"template":"","format":"standard","meta":{"footnotes":""},"categories":[2542,25],"tags":[],"class_list":["post-4854","post","type-post","status-publish","format-standard","hentry","category-os-cantores-de-ebano","category-selo-independente"],"_links":{"self":[{"href":"https:\/\/www.toque-musicall.com\/index.php?rest_route=\/wp\/v2\/posts\/4854","targetHints":{"allow":["GET"]}}],"collection":[{"href":"https:\/\/www.toque-musicall.com\/index.php?rest_route=\/wp\/v2\/posts"}],"about":[{"href":"https:\/\/www.toque-musicall.com\/index.php?rest_route=\/wp\/v2\/types\/post"}],"author":[{"embeddable":true,"href":"https:\/\/www.toque-musicall.com\/index.php?rest_route=\/wp\/v2\/users\/1"}],"replies":[{"embeddable":true,"href":"https:\/\/www.toque-musicall.com\/index.php?rest_route=%2Fwp%2Fv2%2Fcomments&post=4854"}],"version-history":[{"count":1,"href":"https:\/\/www.toque-musicall.com\/index.php?rest_route=\/wp\/v2\/posts\/4854\/revisions"}],"predecessor-version":[{"id":4855,"href":"https:\/\/www.toque-musicall.com\/index.php?rest_route=\/wp\/v2\/posts\/4854\/revisions\/4855"}],"wp:attachment":[{"href":"https:\/\/www.toque-musicall.com\/index.php?rest_route=%2Fwp%2Fv2%2Fmedia&parent=4854"}],"wp:term":[{"taxonomy":"category","embeddable":true,"href":"https:\/\/www.toque-musicall.com\/index.php?rest_route=%2Fwp%2Fv2%2Fcategories&post=4854"},{"taxonomy":"post_tag","embeddable":true,"href":"https:\/\/www.toque-musicall.com\/index.php?rest_route=%2Fwp%2Fv2%2Ftags&post=4854"}],"curies":[{"name":"wp","href":"https:\/\/api.w.org\/{rel}","templated":true}]}}