{"id":4858,"date":"2015-04-03T13:27:10","date_gmt":"2015-04-03T16:27:10","guid":{"rendered":"http:\/\/www.toque-musicall.com\/?p=4858"},"modified":"2015-04-03T13:27:10","modified_gmt":"2015-04-03T16:27:10","slug":"d-helder-camara-o-deserto-e-fertil-1977","status":"publish","type":"post","link":"https:\/\/www.toque-musicall.com\/?p=4858","title":{"rendered":"D. Helder C\u00e2mara &#8211; O Deserto \u00c9 F\u00e9rtil (1977)"},"content":{"rendered":"<p><img loading=\"lazy\" decoding=\"async\" class=\"aligncenter\" alt=\"\" src=\"http:\/\/4.bp.blogspot.com\/-qB8psF6k_KA\/VR6ygyVJI6I\/AAAAAAAALWA\/gXmjJNJ4ick\/s1600\/capap.JPG\" width=\"1000\" height=\"996\" \/><img loading=\"lazy\" decoding=\"async\" class=\"aligncenter\" alt=\"\" src=\"http:\/\/3.bp.blogspot.com\/-1WWbeUco1Sw\/VR6ymJaSL0I\/AAAAAAAALWI\/uBI3QCI4Fco\/s1600\/contrap.JPG\" width=\"1000\" height=\"1012\" \/>\u00c0 quem possa interessar&#8230; Hoje, sendo um dia santo, Sexta Feira da Paix\u00e3o, procurei algo condizente para postar. Me lembrei de uma boa doa\u00e7\u00e3o feita pelo amigo F\u00e1res, que creio, vem bem a calhar, principalmente nos dias de hoje e sempre, do nosso amado Brasil, onde as lutas sociais se tornam a cada dia mais constantes e um pouco de reflex\u00e3o nessas horas fazem muito bem.<br \/>\nTemos aqui um disco lan\u00e7ado em 1977, produ\u00e7\u00e3o independente, mas distribu\u00eddo pela Warner. Trata-se do carism\u00e1tico bispo de Olinda, Dom H\u00e9lder C\u00e2mara em leitura de trechos escolhidos de seu livro, &#8220;O deserto \u00e9 f\u00e9rtil&#8221;. Eu acredito que algum encarte acompanhava este \u00e1lbum, pois as informa\u00e7\u00f5es sobre o trabalho s\u00e3o muito escassas na contracapa. H\u00e1 por exemplo a informa\u00e7\u00e3o da participa\u00e7\u00e3o do baterista Chico Batera fazendo percuss\u00e3o, mas eu n\u00e3o percebi em nenhum momento qualquer coisa parecida. Ao contr\u00e1rio, temos um fundo musical, mas com viol\u00e3o e tamb\u00e9m piano. Seria o Chico Batera? Penso que n\u00e3o&#8230; Das duas, uma: ou falta um encarte para nos explicar isso melhor, ou foi mesmo um erro da produ\u00e7\u00e3o da capa. Mas independente disso, o que conta \u00e9 o conte\u00fado, a mensagem na voz de Dom H\u00e9lder. Um disco muito bonito que despertou em mim o desejo de ler o livro. Espero que isso aconte\u00e7a com voc\u00eas tamb\u00e9m. &#8220;Se discordas de mim, me enriquece<a href=\"http:\/\/depositfiles.org\/files\/71nulqbjo\" target=\"_blank\">s<\/a>&#8221;<\/p>\n<p>.<\/p>\n","protected":false},"excerpt":{"rendered":"<p>\u00c0 quem possa interessar&#8230; Hoje, sendo um dia santo, Sexta Feira da Paix\u00e3o, procurei algo condizente para postar. Me lembrei de uma boa doa\u00e7\u00e3o feita pelo amigo F\u00e1res, que creio, vem bem a calhar, principalmente nos dias de hoje e &hellip; <a href=\"https:\/\/www.toque-musicall.com\/?p=4858\">Continue lendo <span class=\"meta-nav\">&rarr;<\/span><\/a><\/p>\n","protected":false},"author":1,"featured_media":0,"comment_status":"open","ping_status":"closed","sticky":false,"template":"","format":"standard","meta":{"footnotes":""},"categories":[2544],"tags":[],"class_list":["post-4858","post","type-post","status-publish","format-standard","hentry","category-selo-nonesuch"],"_links":{"self":[{"href":"https:\/\/www.toque-musicall.com\/index.php?rest_route=\/wp\/v2\/posts\/4858","targetHints":{"allow":["GET"]}}],"collection":[{"href":"https:\/\/www.toque-musicall.com\/index.php?rest_route=\/wp\/v2\/posts"}],"about":[{"href":"https:\/\/www.toque-musicall.com\/index.php?rest_route=\/wp\/v2\/types\/post"}],"author":[{"embeddable":true,"href":"https:\/\/www.toque-musicall.com\/index.php?rest_route=\/wp\/v2\/users\/1"}],"replies":[{"embeddable":true,"href":"https:\/\/www.toque-musicall.com\/index.php?rest_route=%2Fwp%2Fv2%2Fcomments&post=4858"}],"version-history":[{"count":1,"href":"https:\/\/www.toque-musicall.com\/index.php?rest_route=\/wp\/v2\/posts\/4858\/revisions"}],"predecessor-version":[{"id":4859,"href":"https:\/\/www.toque-musicall.com\/index.php?rest_route=\/wp\/v2\/posts\/4858\/revisions\/4859"}],"wp:attachment":[{"href":"https:\/\/www.toque-musicall.com\/index.php?rest_route=%2Fwp%2Fv2%2Fmedia&parent=4858"}],"wp:term":[{"taxonomy":"category","embeddable":true,"href":"https:\/\/www.toque-musicall.com\/index.php?rest_route=%2Fwp%2Fv2%2Fcategories&post=4858"},{"taxonomy":"post_tag","embeddable":true,"href":"https:\/\/www.toque-musicall.com\/index.php?rest_route=%2Fwp%2Fv2%2Ftags&post=4858"}],"curies":[{"name":"wp","href":"https:\/\/api.w.org\/{rel}","templated":true}]}}