{"id":486,"date":"2011-04-19T11:50:00","date_gmt":"2011-04-19T11:50:00","guid":{"rendered":"http:\/\/www.toque-musicall.com\/?p=486"},"modified":"2011-04-19T11:50:00","modified_gmt":"2011-04-19T11:50:00","slug":"roberto-carlos-canta-a-la-juventud-1965-repost","status":"publish","type":"post","link":"https:\/\/www.toque-musicall.com\/?p=486","title":{"rendered":"Roberto Carlos &#8211; Canta A La Juventud (1965) REPOST"},"content":{"rendered":"<div style=\"clear: both; text-align: center;\"><a href=\"http:\/\/2.bp.blogspot.com\/-M-12LySF75Q\/Ta1h_PK9tlI\/AAAAAAAAH80\/q46GqtUDPb4\/s1600\/Roberto+Carlos+P.JPG\" style=\"margin-left: 1em; margin-right: 1em;\"><img loading=\"lazy\" decoding=\"async\" border=\"0\" height=\"400\" src=\"http:\/\/2.bp.blogspot.com\/-M-12LySF75Q\/Ta1h_PK9tlI\/AAAAAAAAH80\/q46GqtUDPb4\/s400\/Roberto+Carlos+P.JPG\" width=\"396\" \/><\/a><\/div>\n<p>Ol\u00e1, amiguinhos cultos e ocultos, bom dia! Agorinha, logo quando abri o meu e-mail, recebi um lembrete, acompanhado desta colabora\u00e7\u00e3o da minha amiga e mana, Gleice (grande garota!), informando do anivers\u00e1rio do Roberto Carlos, que hoje completa 70 anos! Eu nem havia me tocado para este fato. T\u00f4 com a cabe\u00e7a em outro mundo.<br \/>Parab\u00e9ns ao Rei! Muita sa\u00fade e paz, que \u00e9 o que ele anda precisando. No ano passado perdeu a m\u00e3e e agora neste ano, tamb\u00e9m bem pr\u00f3ximo de seu anivers\u00e1rio, a enteada. Coisa muito chata de se passar, eu bem sei. Vai aqui tamb\u00e9m os meus pesares. Roberto Carlos \u00e9 uma pessoa marcada por fortes sentimentos e emo\u00e7\u00f5es. Um cara assim tem mesmo algo de especial.<br \/>O albinho de colabora\u00e7\u00e3o, que eu ainda n\u00e3o tinha, traz o nosso \u00eddolo cantando em espanhol. Se n\u00e3o me engano, acho que este foi o primeiro de uma s\u00e9rie que o artista gravou para o p\u00fablico latino americano (pero, la edici\u00f3n es brasile\u00f1a). Aqui encontramos a fase mais gostosa de Roberto Carlos, a Jovem Guarda. Os arranjos e a interpreta\u00e7\u00e3o \u00e9 tal qual \u00e0s originais, gravadas em portugu\u00eas. Disquinho bacana para fazer o toque do dia. Vamos l\u00e1&#8230;<\/p>\n<div style=\"text-align: center;\">es prohibido fumar<\/div>\n<div style=\"text-align: center;\">un le\u00f3n se escap\u00f3<\/div>\n<div style=\"text-align: center;\">rosa, rosita<\/div>\n<div style=\"text-align: center;\">la chica del gorro<\/div>\n<div style=\"text-align: center;\">j\u00farame<\/div>\n<div style=\"text-align: center;\">mi gran amor<\/div>\n<div style=\"text-align: center;\">mi cacharrito<\/div>\n<div style=\"text-align: center;\">mi historia de amor<\/div>\n<div style=\"text-align: center;\">naci para llorar<\/div>\n<div style=\"text-align: center;\">amapola<\/div>\n<div style=\"text-align: center;\">loco no soy m\u00e1s<\/div>\n<div style=\"text-align: center;\">desamarra mi coraz\u00f3n<\/div>\n<div style=\"text-align: center;\"><\/div>\n<div style=\"text-align: center;\">PS.: VAI L\u00c1 EM CASA OUVIR ESTE DISCO, EU FA\u00c7O UMA C\u00d3PIA PARA VOC\u00ca!<\/div>\n","protected":false},"excerpt":{"rendered":"<p>Ol\u00e1, amiguinhos cultos e ocultos, bom dia! Agorinha, logo quando abri o meu e-mail, recebi um lembrete, acompanhado desta colabora\u00e7\u00e3o da minha amiga e mana, Gleice (grande garota!), informando do anivers\u00e1rio do Roberto Carlos, que hoje completa 70 anos! Eu &hellip; <a href=\"https:\/\/www.toque-musicall.com\/?p=486\">Continue lendo <span class=\"meta-nav\">&rarr;<\/span><\/a><\/p>\n","protected":false},"author":1,"featured_media":0,"comment_status":"open","ping_status":"closed","sticky":false,"template":"","format":"standard","meta":{"footnotes":""},"categories":[766,178],"tags":[],"class_list":["post-486","post","type-post","status-publish","format-standard","hentry","category-roberto-carlos","category-selo-cbs"],"_links":{"self":[{"href":"https:\/\/www.toque-musicall.com\/index.php?rest_route=\/wp\/v2\/posts\/486","targetHints":{"allow":["GET"]}}],"collection":[{"href":"https:\/\/www.toque-musicall.com\/index.php?rest_route=\/wp\/v2\/posts"}],"about":[{"href":"https:\/\/www.toque-musicall.com\/index.php?rest_route=\/wp\/v2\/types\/post"}],"author":[{"embeddable":true,"href":"https:\/\/www.toque-musicall.com\/index.php?rest_route=\/wp\/v2\/users\/1"}],"replies":[{"embeddable":true,"href":"https:\/\/www.toque-musicall.com\/index.php?rest_route=%2Fwp%2Fv2%2Fcomments&post=486"}],"version-history":[{"count":0,"href":"https:\/\/www.toque-musicall.com\/index.php?rest_route=\/wp\/v2\/posts\/486\/revisions"}],"wp:attachment":[{"href":"https:\/\/www.toque-musicall.com\/index.php?rest_route=%2Fwp%2Fv2%2Fmedia&parent=486"}],"wp:term":[{"taxonomy":"category","embeddable":true,"href":"https:\/\/www.toque-musicall.com\/index.php?rest_route=%2Fwp%2Fv2%2Fcategories&post=486"},{"taxonomy":"post_tag","embeddable":true,"href":"https:\/\/www.toque-musicall.com\/index.php?rest_route=%2Fwp%2Fv2%2Ftags&post=486"}],"curies":[{"name":"wp","href":"https:\/\/api.w.org\/{rel}","templated":true}]}}