{"id":4863,"date":"2015-04-04T23:54:42","date_gmt":"2015-04-05T02:54:42","guid":{"rendered":"http:\/\/www.toque-musicall.com\/?p=4863"},"modified":"2015-04-05T00:00:59","modified_gmt":"2015-04-05T03:00:59","slug":"trio-bach-1965","status":"publish","type":"post","link":"https:\/\/www.toque-musicall.com\/?p=4863","title":{"rendered":"Trio Bach (1965)"},"content":{"rendered":"<p><img loading=\"lazy\" decoding=\"async\" class=\"aligncenter\" alt=\"\" src=\"http:\/\/4.bp.blogspot.com\/-9MusUHLkJPc\/VSB8LJloEJI\/AAAAAAAALWc\/MlIje-nHzwU\/s1600\/capa%2BFp.JPG\" width=\"1000\" height=\"1008\" \/><img loading=\"lazy\" decoding=\"async\" class=\"aligncenter\" alt=\"\" src=\"http:\/\/2.bp.blogspot.com\/-fpLdTBP7Vt0\/VSB8TJ0VYiI\/AAAAAAAALWk\/IuYGTBSgSQ4\/s1600\/int1p.JPG\" width=\"1000\" height=\"995\" \/><img loading=\"lazy\" decoding=\"async\" class=\"aligncenter\" alt=\"\" src=\"http:\/\/1.bp.blogspot.com\/-nVn6wx6ENoo\/VSB8avcNf8I\/AAAAAAAALWs\/QLBlzT69rBc\/s1600\/int2p.JPG\" width=\"1000\" height=\"951\" \/><img loading=\"lazy\" decoding=\"async\" class=\"aligncenter\" alt=\"\" src=\"http:\/\/2.bp.blogspot.com\/-t1cgR1UCa3k\/VSB84Iln4UI\/AAAAAAAALW0\/05Nd03j5eNk\/s1600\/contra%2BBp.JPG\" width=\"1000\" height=\"1014\" \/>A quem possa interessar&#8230; (e vai interessar&#8230;)Tenho aqui uma joinha, do refinado selo Nilser. Discos que foram sin\u00f4nimos de qualidade, principalmente no quesito material, enquanto \u00e1lbuns. Coisas que por aqui a gente s\u00f3 viu em discos importados. Um \u00e1lbum de capa dupla, dura e trabalhada.<br \/>\nNilo S\u00e9rgio, artista e empres\u00e1rio, dono da Musidisc, idealizou este selo no in\u00edcio dos anos 60 e chegou a produzir uma dezena de \u00e1lbuns com diferentes estilos, sempre prezando pela qualidade, bom gosto e ao seu estilo. Um selo especial. Nilser \u00e9 a jun\u00e7\u00e3o das tr\u00eas primeiras letras de seu nome.<br \/>\nEntre os diversos lps da Nilser, este \u00e9 para mim um dos mais interessantes, tanto pelo repert\u00f3rio quanto pela sonoridade. Temos aqui o Trio Bach, um conjunto composto por cravo, bateria e contrabaixo. Quem s\u00e3o os m\u00fasicos, ficha t\u00e9cnica e informa\u00e7\u00f5es complementares s\u00e3o coisas que infelizmente ficaram de fora. Parece que nessa \u00e9poca esse tipo de informa\u00e7\u00e3o era o que menos importava. Eis a\u00ed a \u00fanica falha da Nilser. Mas eu entendo isso como uma forma de n\u00e3o levantar a lebre. Ou seja, evitar conflitos legais, visto que muitas vezes artistas e obras eram usadas sem uma permiss\u00e3o legal. Aqui, neste lp, por exemplo, o nome dos membros do trio s\u00e3o poupados, certamente, porque eram artistas de outras gravadoras ou coisa assim. Uma maneira de driblar os contratos de exclusividade. J\u00e1 falaram pela rede a respeito de quem eram os m\u00fasicos, eu at\u00e9 procurei essa informa\u00e7\u00e3o, mas n\u00e3o encontrei. O fato \u00e9 que o grupo se chama Trio Bach por conta de um instrumento, o cravo, um tipo de piano caracter\u00edstico do per\u00edodo Barroco, ou do Barroco do compositor Johann Sebatian Bach. Nos anos 60 houve uma febre na utiliza\u00e7\u00e3o do cravo, que aparece em todo tipo de m\u00fasica daquela \u00e9poca, inclusive aqui, interpretando cl\u00e1ssicos da Bossa Nova. Um disco imperd\u00edvel, confira<a href=\"http:\/\/depositfiles.org\/files\/5m4zar5q3\" target=\"_blank\">m!<\/a><\/p>\n<div style=\"text-align: center;\">amor e paz<\/div>\n<div style=\"text-align: center;\">in\u00fatil paisagem<\/div>\n<div style=\"text-align: center;\">tristeza de n\u00f3s dois<\/div>\n<div style=\"text-align: center;\">samba de ver\u00e3o<\/div>\n<div style=\"text-align: center;\">sonho de maria<\/div>\n<div style=\"text-align: center;\">corcovado<\/div>\n<div style=\"text-align: center;\">amanhecendo<\/div>\n<div style=\"text-align: center;\">consola\u00e7\u00e3o<\/div>\n<div style=\"text-align: center;\">ela \u00e9 carioca<\/div>\n<div style=\"text-align: center;\">garota de ipanema<\/div>\n<div style=\"text-align: center;\">vamos amar<\/div>\n<div style=\"text-align: center;\">eu preciso de voc\u00ea<\/div>\n<div style=\"text-align: center;\"><\/div>\n<div style=\"text-align: center;\">.<\/div>\n<p style=\"text-align: center;\">\n","protected":false},"excerpt":{"rendered":"<p>A quem possa interessar&#8230; (e vai interessar&#8230;)Tenho aqui uma joinha, do refinado selo Nilser. Discos que foram sin\u00f4nimos de qualidade, principalmente no quesito material, enquanto \u00e1lbuns. Coisas que por aqui a gente s\u00f3 viu em discos importados. Um \u00e1lbum de &hellip; <a href=\"https:\/\/www.toque-musicall.com\/?p=4863\">Continue lendo <span class=\"meta-nav\">&rarr;<\/span><\/a><\/p>\n","protected":false},"author":1,"featured_media":0,"comment_status":"open","ping_status":"closed","sticky":false,"template":"","format":"standard","meta":{"footnotes":""},"categories":[2042,2545],"tags":[],"class_list":["post-4863","post","type-post","status-publish","format-standard","hentry","category-selo-nilser","category-trio-bach"],"_links":{"self":[{"href":"https:\/\/www.toque-musicall.com\/index.php?rest_route=\/wp\/v2\/posts\/4863","targetHints":{"allow":["GET"]}}],"collection":[{"href":"https:\/\/www.toque-musicall.com\/index.php?rest_route=\/wp\/v2\/posts"}],"about":[{"href":"https:\/\/www.toque-musicall.com\/index.php?rest_route=\/wp\/v2\/types\/post"}],"author":[{"embeddable":true,"href":"https:\/\/www.toque-musicall.com\/index.php?rest_route=\/wp\/v2\/users\/1"}],"replies":[{"embeddable":true,"href":"https:\/\/www.toque-musicall.com\/index.php?rest_route=%2Fwp%2Fv2%2Fcomments&post=4863"}],"version-history":[{"count":3,"href":"https:\/\/www.toque-musicall.com\/index.php?rest_route=\/wp\/v2\/posts\/4863\/revisions"}],"predecessor-version":[{"id":4866,"href":"https:\/\/www.toque-musicall.com\/index.php?rest_route=\/wp\/v2\/posts\/4863\/revisions\/4866"}],"wp:attachment":[{"href":"https:\/\/www.toque-musicall.com\/index.php?rest_route=%2Fwp%2Fv2%2Fmedia&parent=4863"}],"wp:term":[{"taxonomy":"category","embeddable":true,"href":"https:\/\/www.toque-musicall.com\/index.php?rest_route=%2Fwp%2Fv2%2Fcategories&post=4863"},{"taxonomy":"post_tag","embeddable":true,"href":"https:\/\/www.toque-musicall.com\/index.php?rest_route=%2Fwp%2Fv2%2Ftags&post=4863"}],"curies":[{"name":"wp","href":"https:\/\/api.w.org\/{rel}","templated":true}]}}