{"id":487,"date":"2011-04-19T03:16:00","date_gmt":"2011-04-19T03:16:00","guid":{"rendered":"http:\/\/www.toque-musicall.com\/?p=487"},"modified":"2011-04-19T03:16:00","modified_gmt":"2011-04-19T03:16:00","slug":"ivan-lins-agora-1971","status":"publish","type":"post","link":"https:\/\/www.toque-musicall.com\/?p=487","title":{"rendered":"Ivan Lins &#8211; Agora (1971)"},"content":{"rendered":"<div style=\"clear: both; text-align: center;\"><a href=\"http:\/\/3.bp.blogspot.com\/-okgBnrR_xvs\/Tawze43RWJI\/AAAAAAAAH8s\/Nf-yugAy6Jw\/s1600\/ivan+P.JPG\" style=\"margin-left: 1em; margin-right: 1em;\"><img loading=\"lazy\" decoding=\"async\" border=\"0\" height=\"400\" src=\"http:\/\/3.bp.blogspot.com\/-okgBnrR_xvs\/Tawze43RWJI\/AAAAAAAAH8s\/Nf-yugAy6Jw\/s400\/ivan+P.JPG\" width=\"395\" \/><\/a><\/div>\n<div style=\"clear: both; text-align: center;\"><\/div>\n<div style=\"clear: both; text-align: center;\"><a href=\"http:\/\/1.bp.blogspot.com\/-R-5qwL8RNa8\/TawzY46q6LI\/AAAAAAAAH8o\/SEmDzrkEjGQ\/s1600\/ivan+lins.jpg\" style=\"clear: left; float: left; margin-bottom: 1em; margin-right: 1em;\"><img loading=\"lazy\" decoding=\"async\" border=\"0\" height=\"196\" src=\"http:\/\/1.bp.blogspot.com\/-R-5qwL8RNa8\/TawzY46q6LI\/AAAAAAAAH8o\/SEmDzrkEjGQ\/s200\/ivan+lins.jpg\" width=\"200\" \/><\/a><\/div>\n<p>Boa noite, amigos cultos e ocultos. Tentei come\u00e7ar \u00a0esta postagem na folga do caf\u00e9 da tarde, Come\u00e7ar e terminar, claro. Mas foi totalmente imposs\u00edvel. O bicho t\u00e1 pegando! Muito servi\u00e7o e pouco dinheiro.<br \/>Abril \u00e9 um m\u00eas complicado para mim., principalmente na segunda quinzena. Mas eu vou segurando a peteca e mandando ver&#8230;<br \/>Temos aqui, para marcar o dia, o pai da Madalena, o grande Ivan Lins. Para quem n\u00e3o conhece ou nem lembrava mais, este foi o primeiro \u00e1lbum dele, lan\u00e7ado em 1971, atrav\u00e9s do selo Forma. &#8220;Agora&#8221; \u00e9 um dos discos que eu mais gosto, um trabalho com garra, jovem, bem a cara daquele come\u00e7o dos anos 70, longe do internacional Ivan Lins de hoje. Obviamente, n\u00e3o estou querendo com isso provocar alguma compara\u00e7\u00e3o, apenas constando as transforma\u00e7\u00f5es, ou evolu\u00e7\u00e3o de um artista brasileiro de talento. O \u00e1lbum foi produzido por Paulinho Tapaj\u00f3s e conta com os arranjos de Arthur Verocai. Temos em &#8220;Agora&#8221; uma s\u00e9rie de m\u00faiscas que fizeram sucesso e ainda fazem, com certeza. Quem h\u00e1 de esquecer &#8220;Madalena&#8221;, &#8220;Salve, salve&#8221;, &#8220;O amor \u00e9 o meu pa\u00eds&#8221; e &#8220;Agora&#8221;? S\u00e3o as primeiras composi\u00e7\u00f5es ao lado do\u00a0ent\u00e3o\u00a0parceiro, Ronaldo Monteiro de Souza. Aproveitando que estou com a m\u00e3o na massa, inclu\u00ed o compacto, tamb\u00e9m da Forma, lan\u00e7ado um ano antes, 1970. Confiram a\u00ed porque eu daqui j\u00e1 estou dormindo. Zzzz&#8230; (Se houver algum erro criminoso, reclamem com o Morfeu)<\/p>\n<div style=\"text-align: center;\">salve, salve<\/div>\n<div style=\"text-align: center;\">agora\u00a0<\/div>\n<div style=\"text-align: center;\">emy<\/div>\n<div style=\"text-align: center;\">minha hist\u00f3ria<\/div>\n<div style=\"text-align: center;\">a pr\u00f3xima atra\u00e7\u00e3o<\/div>\n<div style=\"text-align: center;\">novamente n\u00f3s<\/div>\n<div style=\"text-align: center;\">corpo-folha<\/div>\n<div style=\"text-align: center;\">o amor \u00e9 o meu pa\u00eds<\/div>\n<div style=\"text-align: center;\">madalena<\/div>\n<div style=\"text-align: center;\">baby blue<\/div>\n<div style=\"text-align: center;\">hei, voc\u00ea \u00a0\u00a0<\/div>\n<div style=\"text-align: center;\">tanau\u00ea ou se o \u00edndio fosse consumido pela civiliza\u00e7\u00e3o moderna<\/div>\n","protected":false},"excerpt":{"rendered":"<p>Boa noite, amigos cultos e ocultos. Tentei come\u00e7ar \u00a0esta postagem na folga do caf\u00e9 da tarde, Come\u00e7ar e terminar, claro. Mas foi totalmente imposs\u00edvel. O bicho t\u00e1 pegando! Muito servi\u00e7o e pouco dinheiro.Abril \u00e9 um m\u00eas complicado para mim., principalmente &hellip; <a href=\"https:\/\/www.toque-musicall.com\/?p=487\">Continue lendo <span class=\"meta-nav\">&rarr;<\/span><\/a><\/p>\n","protected":false},"author":1,"featured_media":0,"comment_status":"open","ping_status":"closed","sticky":false,"template":"","format":"standard","meta":{"footnotes":""},"categories":[768,767],"tags":[],"class_list":["post-487","post","type-post","status-publish","format-standard","hentry","category-ivan-lins","category-selo-forma"],"_links":{"self":[{"href":"https:\/\/www.toque-musicall.com\/index.php?rest_route=\/wp\/v2\/posts\/487","targetHints":{"allow":["GET"]}}],"collection":[{"href":"https:\/\/www.toque-musicall.com\/index.php?rest_route=\/wp\/v2\/posts"}],"about":[{"href":"https:\/\/www.toque-musicall.com\/index.php?rest_route=\/wp\/v2\/types\/post"}],"author":[{"embeddable":true,"href":"https:\/\/www.toque-musicall.com\/index.php?rest_route=\/wp\/v2\/users\/1"}],"replies":[{"embeddable":true,"href":"https:\/\/www.toque-musicall.com\/index.php?rest_route=%2Fwp%2Fv2%2Fcomments&post=487"}],"version-history":[{"count":0,"href":"https:\/\/www.toque-musicall.com\/index.php?rest_route=\/wp\/v2\/posts\/487\/revisions"}],"wp:attachment":[{"href":"https:\/\/www.toque-musicall.com\/index.php?rest_route=%2Fwp%2Fv2%2Fmedia&parent=487"}],"wp:term":[{"taxonomy":"category","embeddable":true,"href":"https:\/\/www.toque-musicall.com\/index.php?rest_route=%2Fwp%2Fv2%2Fcategories&post=487"},{"taxonomy":"post_tag","embeddable":true,"href":"https:\/\/www.toque-musicall.com\/index.php?rest_route=%2Fwp%2Fv2%2Ftags&post=487"}],"curies":[{"name":"wp","href":"https:\/\/api.w.org\/{rel}","templated":true}]}}