{"id":4870,"date":"2015-04-06T22:26:19","date_gmt":"2015-04-07T01:26:19","guid":{"rendered":"http:\/\/www.toque-musicall.com\/?p=4870"},"modified":"2015-04-07T23:45:30","modified_gmt":"2015-04-08T02:45:30","slug":"albertinho-fortuna-selecao-78-rpm-do-toque-musical-vol-136-2015","status":"publish","type":"post","link":"https:\/\/www.toque-musicall.com\/?p=4870","title":{"rendered":"Albertinho Fortuna &#8211; Sele\u00e7\u00e3o 78 RPM do Toque Musical Vol. 136 (2015)"},"content":{"rendered":"<p><img loading=\"lazy\" decoding=\"async\" class=\"aligncenter\" alt=\"\" src=\"http:\/\/2.bp.blogspot.com\/-1L-kT_iuMFs\/VSSDJXP0nzI\/AAAAAAAALX4\/L_l2yulMmEs\/s1600\/CAPAp.JPG\" width=\"1000\" height=\"1000\" \/><img loading=\"lazy\" decoding=\"async\" class=\"aligncenter\" alt=\"\" src=\"http:\/\/3.bp.blogspot.com\/-eiArxiubbOg\/VSSDNpgFK6I\/AAAAAAAALYA\/IVF3ZDbMsWc\/s1600\/CONTRACAPAp.JPG\" width=\"1000\" height=\"1000\" \/><\/p>\n<div>Nesta quinzena, o Grand Record Brazil, em sua edi\u00e7\u00e3o de n\u00famero 136, focaliza um grande nome da m\u00fasica popular e do r\u00e1dio no Brasil: Albertinho Fortuna.<\/div>\n<div>Batizado com o nome de Alberto Fortuna Vieira de Azevedo,\u00a0 o cantor nasceu em Portugal, mais precisamente em Vila Nova de Gaia, no dia 28 de outubro de 1922. Ele e sua fam\u00edlia mudaram-se\u00a0 para Niter\u00f3i, litoral do Rio de Janeiro, quando Albertinho estava\u00a0 com apenas seis meses de nascido. Residiam no bairro de Santa Rosa, e o futuro astro estudava no Col\u00e9gio\u00a0 Salesiano, destacando-se no coro da institui\u00e7\u00e3o de ensino. Aos oito anos, convidado por um amigo da fam\u00edlia, foi cantar na R\u00e1dio Mayrink Veiga. \u00a0Agradou tanto ao p\u00fablico que retornaria v\u00e1rias vezes \u00e0 emissora, j\u00e1 pedindo um cach\u00ea de dez mil-r\u00e9is. Albertinho prosseguiu seus estudos no Instituto de Humanidades, cujo diretor era o jornalista e compositor Gomes Filho. Ele tamb\u00e9m dirigia a R\u00e1dio Sociedade de Niter\u00f3i, que estava inaugurando, e Albertinho acabaria sendo,\u00a0 em 1936, um dos pioneiros dessa esta\u00e7\u00e3o. Ainda nesse ano, Zez\u00e9 Fonseca providenciou seu retorno \u00e0 Mayrink Veiga, solicitando ao seu ent\u00e3o diretor art\u00edstico, C\u00e9sar Ladeira, que o testasse. Albertinho foi devidamente aprovado e contratado pela Mayrink, por um sal\u00e1rio mensal de quatrocentos mil-r\u00e9is, al\u00e9m de receber, tamb\u00e9m de Ladeira, o slogan de \u201cO garoto que vale ouro\u201d. Estava ent\u00e3o na plenitude de seus treze anos de idade, e apresentou-se v\u00e1rias vezes ao lado da maior estrela da Mayrink nesse tempo: \u00a0nada mais nada menos que C\u00e1rmen Miranda!<\/div>\n<div>Albertinho parou de cantar em virtude da mudan\u00e7a de voz, inevit\u00e1vel com o avan\u00e7o da idade, e ap\u00f3s dois anos inativo,\u00a0 em 1938, retornaria \u00e0 cena, agora na PRG-2, R\u00e1dio Tupi, \u201co cacique do ar\u201d. Depois de uma temporada na mesma, transferiu-se para a R\u00e1dio Educadora do Brasil, a convite de Saint-Clair Lopes e Luiz Vassalo. Em 1940, ingressa na lend\u00e1ria PRE-8, R\u00e1dio Nacional, e tr\u00eas anos mais tarde passa a integrar, ao lado de Nuno Roland e Paulo Tapaj\u00f3s, o Trio Melodia, criado para apoio do superprograma \u201cUm milh\u00e3o de melodias\u201d. Dada sua impressionante qualidade, o trio fez in\u00fameras grava\u00e7\u00f5es em disco, inclusive acompanhando in\u00fameros cantores famosos de sua \u00e9poca. As carreiras individuais de seus integrantes, paralelamente, prosseguiam sem qualquer problema.\u00a0 Albertinho fez sua primeira grava\u00e7\u00e3o como solista em 1944, na Victor, ao lado das Tr\u00eas Marias, interpretando o samba cl\u00e1ssico \u201cAi, que saudades da Am\u00e9lia\u201d, de Ataulfo Alves e M\u00e1rio Lago. No ano seguinte, faz nova grava\u00e7\u00e3o, agora pela Continental, interpretando a valsa \u201cMeu cora\u00e7\u00e3o te fala\u201d de Pedro Raimundo,que tamb\u00e9m o acompanhou ao acordeom e numa declama\u00e7\u00e3o. Foi um sucesso! De volta \u00e0 Victor, obt\u00e9m \u00eaxito no carnaval de 1947 com \u201cMarcha dos gafanhotos\u201d, inclu\u00edda nesta edi\u00e7\u00e3o. Entre 1948 e 1951 gravou na Star, futura Copacabana, fixando-se de vez na Continental em 1952.<\/div>\n<div>Albertinho Fortuna tem sua trajet\u00f3ria na MPB marcada pelo repert\u00f3rio de cunho rom\u00e2ntico, em especial vers\u00f5es de tangos, que cantava como ningu\u00e9m. Tanto \u00e9 assim que, por v\u00e1rios anos, os tangos gravados por Albertinho seriam bastante executados nos programas de r\u00e1dio das madrugadas,por todo o Brasil.<\/div>\n<div>Albertinho Fortuna morreu em sua cidade adotiva, Niter\u00f3i, no dia primeiro de julho de 1995, aos 72 anos. Nesta edi\u00e7\u00e3o do GRB, uma pequena-grande amostra de sua arte e de seu trabalho musical, em doze grava\u00e7\u00f5es. Abrindo a sele\u00e7\u00e3o desta quinzena, temos \u201cAbra\u00e7a-me\u201d, bolero de Almeida Rego e Ant\u00f4nio Correia, originalmentre lan\u00e7ado por An\u00edsio Silva,em 1962, e que Albertinho incluiu no LP \u201cPrel\u00fadio&#8230;\u201d, de 1963, pela Continental. Em seguida,o tango cl\u00e1ssico \u201cCristal\u201d, de Marianito Mores e Jos\u00e9 Maria Contursi, em vers\u00e3o de Haroldo Barbosa. A m\u00fasica surgiu em 1944, e suas primeiras grava\u00e7\u00f5es argentinas foram feitas pelas orquestras t\u00edpicas de Anibal Troilo, Oswaldo Fresedo e Francisco Canaro. Vencedora do concurso de tangos \u201cMejoral\u201d, da R\u00e1dio Belgrano de Buenos Aires, \u201cCristal\u201d teve sua primeira grava\u00e7\u00e3o em portugu\u00eas por Francisco Alves, em 1945. O registro de Albertinho Fortuna \u00e9 do LP de 10 polegadas \u201cTangos inesquec\u00edveis\u201d, lan\u00e7ado pela Continental em 1957. Desse mesmo LP \u00e9 a faixa seguinte, \u201cGaroa\u201d, vers\u00e3o de Lourival Marques para \u201cGarua\u201d, de Anibal Troilo e Enrique Cad\u00edcamo, que a Continental lan\u00e7aria tamb\u00e9m em 78 rpm, em janeiro-fevereiro de 1958, sob n\u00famero 17523-B, matriz C-4078. \u201cLua do rio\u201d \u00e9 a vers\u00e3o brasileira do cl\u00e1ssico rom\u00e2ntico\u201dMoon river\u201d,\u00a0 balada composta por Henry Mancini para o filme \u201cBonequinha de luxo\u00a0 (Breakfast at Tiffany\u2019s)\u201d, produzido pela Paramount em 1961 e nele interpretada por sua atriz principal, Audrey Hepburn. \u00a0Abrasileirada pelo grande Jo\u00e3o \u201cBraguinha\u201d de Barro, foi gravada por Albertinho Fortuna em 1963, na Continental, disco 78-227-A, sendo tamb\u00e9m faixa do LP \u201cPrel\u00fadio&#8230;\u201d.\u00a0 \u201cMano a mano\u201d, tango cl\u00e1ssico de Carlos Gardel, Jos\u00e9 Razzano e Celedonio Flores, ganhou letra brasileira de Giuseppe Ghiaroni, que Albertinho interpreta ao lado do Trio Madrigal e de seus companheiros no Trio Melodia, com suporte orquestral de Radam\u00e9s \u201cVero\u201d Gnattali. A grava\u00e7\u00e3o saiu pela Continental\u00a0 em maio-junho de 1952, sob n\u00famero 16582-B, matriz C-2866. Da parceria Carlos Gardel-Alfredo Le Pera \u00e9\u00a0 \u201cMorro abaixo (Cuesta abajo)\u201d, que Gardel interpretou num filme tamb\u00e9m chamado \u201cCuesta abajo\u201d, subintitulado no Brasil \u201cO amor obriga\u201d. \u00c9 outra vers\u00e3o de Ghiaroni, gravada na Continental por Albertinho Fortuna em 18 de junho de 1954, com lan\u00e7amento em julho seguinte sob n.o 16996-B,matriz C-3405. Mostrando que tangos eram mesmo o seu forte, Albertinho tamb\u00e9m brilha em \u201cPercal\u201d, de Homero Exp\u00f3sito e Domingo Federico, em vers\u00e3o de Haroldo Barbosa. Sua primeira grava\u00e7\u00e3o argentina deu-se em 1943, pela t\u00edpica de Anibal Troilo, com vocal de Francisco Fiorentino. A vers\u00e3o brasileira foi gravada pela primeira vez por Francisco Alves,em 1944, e o registro de Albertinho saiu pela Continental em maio-junho de 1958 no 78 rpm n.o 17557-A, matriz C-4091, sendo tamb\u00e9m faixa de abertura do LP de 10 polegadas \u201cTangos inesquec\u00edveis\u201d. Desse LP tamb\u00e9m consta \u201cUno\u201d, outra vers\u00e3o de Haroldo Barbosa, subintitulada \u201cRosa vermelha\u201d, para mais um cl\u00e1ssico da parceria Marianito Mores-Enrique Santos Disc\u00e9polo. Anibal Troilo, com sua t\u00edpica, e estribilho de Alberto Marino, lan\u00e7ou \u201cUno\u201d em 1943, e um ano dpeois, Francisco Alves fez a primeira grava\u00e7\u00e3o desta vers\u00e3o. O registro de Albertinho, claro, tamb\u00e9m saiu em 78 rpm pela Continental, em janeiro-fevereiro de 1958, sob n.o 17523-A, matriz C-4077. Em seguida mais um cl\u00e1ssico da parceria Carlos Gardel-Alfredo Le Pera, com letra brasileira de Ghiaroni, \u201cVoltar (Volver)\u201d, gravada por Albertinho para o LP de 10 polegadas \u201cMeus velhos tangos\u201d (Continental, 1955).\u00a0 \u201cCaminito\u201d,de Juan de Di\u00f3s Filiberto e Gabino Cor\u00eda Pe\u00f1aloza, \u00a0abre esse mesmo LP, tamb\u00e9m em vers\u00e3o de Ghiaroni. A Continental, claro, tamb\u00e9m disponibilizaria a grava\u00e7\u00e3o em 78 rpm, sob n\u00famero 17356-A, em novembro-dezembro de 1956, matriz C-3893. \u201cGira, gira (Yira, yira)\u201d, de Disc\u00e9polo sem parceiro, em outra vers\u00e3o de Ghiaroni, tamb\u00e9m est\u00e1 no LP de 10 polegadas \u201cMeus velhos tangos\u201d, e, em 78 rpm, \u00e9 o lado B de \u201cCaminito\u201d, matriz C-3894. Para finalizar, um dos primeiros hits de Albertinho\u00a0 Fortuna:\u00a0 a \u201cMarcha dos gafanhotos\u201d, de Erat\u00f3stenes Fraz\u00e3o e Roberto Martins, uma das campe\u00e3s do carnaval de 1947. Foi imortalizada por Albertinho na Victor em 22 de outubro de 46, com lan\u00e7amento um m\u00eas antes da folia, em janeiro,disco 80-0489-A,matriz S-078631. Um fecho realmente de ouro para esta retrospectiva do GRB, prestando justa homenagem ao eterno Albertinho Fortun<a href=\"http:\/\/depositfiles.org\/files\/bjxh19sl2\" target=\"_blank\">a<\/a>!<\/div>\n<div><\/div>\n<div>Texto de Samuel Machado Filho<\/div>\n<p>&nbsp;<\/p>\n<div><\/div>\n","protected":false},"excerpt":{"rendered":"<p>Nesta quinzena, o Grand Record Brazil, em sua edi\u00e7\u00e3o de n\u00famero 136, focaliza um grande nome da m\u00fasica popular e do r\u00e1dio no Brasil: Albertinho Fortuna. Batizado com o nome de Alberto Fortuna Vieira de Azevedo,\u00a0 o cantor nasceu em &hellip; <a href=\"https:\/\/www.toque-musicall.com\/?p=4870\">Continue lendo <span class=\"meta-nav\">&rarr;<\/span><\/a><\/p>\n","protected":false},"author":1,"featured_media":0,"comment_status":"open","ping_status":"closed","sticky":false,"template":"","format":"standard","meta":{"footnotes":""},"categories":[1067,11,13],"tags":[],"class_list":["post-4870","post","type-post","status-publish","format-standard","hentry","category-albertinho-fortuna","category-exclusivos-do-toque-musical","category-selo-grand-record-brazil"],"_links":{"self":[{"href":"https:\/\/www.toque-musicall.com\/index.php?rest_route=\/wp\/v2\/posts\/4870","targetHints":{"allow":["GET"]}}],"collection":[{"href":"https:\/\/www.toque-musicall.com\/index.php?rest_route=\/wp\/v2\/posts"}],"about":[{"href":"https:\/\/www.toque-musicall.com\/index.php?rest_route=\/wp\/v2\/types\/post"}],"author":[{"embeddable":true,"href":"https:\/\/www.toque-musicall.com\/index.php?rest_route=\/wp\/v2\/users\/1"}],"replies":[{"embeddable":true,"href":"https:\/\/www.toque-musicall.com\/index.php?rest_route=%2Fwp%2Fv2%2Fcomments&post=4870"}],"version-history":[{"count":2,"href":"https:\/\/www.toque-musicall.com\/index.php?rest_route=\/wp\/v2\/posts\/4870\/revisions"}],"predecessor-version":[{"id":4872,"href":"https:\/\/www.toque-musicall.com\/index.php?rest_route=\/wp\/v2\/posts\/4870\/revisions\/4872"}],"wp:attachment":[{"href":"https:\/\/www.toque-musicall.com\/index.php?rest_route=%2Fwp%2Fv2%2Fmedia&parent=4870"}],"wp:term":[{"taxonomy":"category","embeddable":true,"href":"https:\/\/www.toque-musicall.com\/index.php?rest_route=%2Fwp%2Fv2%2Fcategories&post=4870"},{"taxonomy":"post_tag","embeddable":true,"href":"https:\/\/www.toque-musicall.com\/index.php?rest_route=%2Fwp%2Fv2%2Ftags&post=4870"}],"curies":[{"name":"wp","href":"https:\/\/api.w.org\/{rel}","templated":true}]}}