{"id":4881,"date":"2015-04-12T21:07:23","date_gmt":"2015-04-13T00:07:23","guid":{"rendered":"http:\/\/www.toque-musicall.com\/?p=4881"},"modified":"2015-04-13T23:12:20","modified_gmt":"2015-04-14T02:12:20","slug":"ely-camargo-gralha-azul-1965-88","status":"publish","type":"post","link":"https:\/\/www.toque-musicall.com\/?p=4881","title":{"rendered":"Ely Camargo &#8211; Gralha Azul (1965-88)"},"content":{"rendered":"<p><img loading=\"lazy\" decoding=\"async\" class=\"aligncenter\" alt=\"\" src=\"http:\/\/4.bp.blogspot.com\/-F9r8xQoFaAc\/VSxhUUyG_WI\/AAAAAAAALZs\/orG1J1lQVUc\/s1600\/capa%2Boriginalp.JPG\" width=\"1000\" height=\"998\" \/><img loading=\"lazy\" decoding=\"async\" class=\"aligncenter\" alt=\"\" src=\"http:\/\/1.bp.blogspot.com\/-vrkwUcFO56k\/VSxhZ60OH8I\/AAAAAAAALZ0\/I_ky8mjapk4\/s1600\/capap.JPG\" width=\"1000\" height=\"1020\" \/><img loading=\"lazy\" decoding=\"async\" class=\"aligncenter\" alt=\"\" src=\"http:\/\/2.bp.blogspot.com\/-AsNXCtCQ2lc\/VSxhe8Q2G6I\/AAAAAAAALZ8\/ZDklBtGrIWw\/s1600\/contrap.JPG\" width=\"1000\" height=\"1002\" \/>A quem possa interessar&#8230; (e com certeza vai), tenho para o dia de hoje este bel\u00edssimo trabalho, lan\u00e7ado originalmente em 1965 pela gravadora Chantecler. Trata-se de um raro lp com a cantora e folclorista goiana Ely Camargo e participa\u00e7\u00e3o do grupo vocal Os Titulares do Ritmo, apresentado temas folcl\u00f3ricos do Estado do Paran\u00e1. A gralha azul \u00e9 um p\u00e1ssaro, s\u00edmbolo deste Estado.<br \/>\nEm 1988 este \u00e1lbum foi reeditado atrav\u00e9s da Secretaria de Estado da Cultura do Paran\u00e1, recebendo um novo tratamento de \u00e1udio e desta vez apresentado em alto estilo num \u00e1lbum de capa dupla e oito p\u00e1ginas com todas as informa\u00e7\u00f5es sobre o trabalho. Foi produzido em edi\u00e7\u00e3o limitada e n\u00e3o comercial. O lp original nunca voltou a ser relan\u00e7ado, infelizmente. Mas a vers\u00e3o digital est\u00e1 aqui, no Toque Musical. Confiram no GTM, o<a href=\"http:\/\/depositfiles.org\/files\/bdny5n3v8\" target=\"_blank\">k<\/a>?<\/p>\n<div style=\"text-align: center;\">gralha azul<\/div>\n<div style=\"text-align: center;\">lajeana<\/div>\n<div style=\"text-align: center;\">tiraninha<\/div>\n<div style=\"text-align: center;\">sabi\u00e1<\/div>\n<div style=\"text-align: center;\">cana verde<\/div>\n<div style=\"text-align: center;\">jogos infantis &#8211; cirandas<\/div>\n<div style=\"text-align: center;\">barreado<\/div>\n<div style=\"text-align: center;\">pau de fita<\/div>\n<div style=\"text-align: center;\">balainha<\/div>\n<div style=\"text-align: center;\">cena do boi<\/div>\n<div style=\"text-align: center;\">cena do cavalinho<\/div>\n<div style=\"text-align: center;\">cena do bar\u00e3o<\/div>\n<div style=\"text-align: center;\">cena da bernun\u00e7a<\/div>\n<div style=\"text-align: center;\">cu\u00e1 fub\u00e1<\/div>\n<div style=\"text-align: center;\"><\/div>\n<div style=\"text-align: center;\">.<\/div>\n<div style=\"text-align: center;\"><\/div>\n<div style=\"text-align: center;\"><\/div>\n","protected":false},"excerpt":{"rendered":"<p>A quem possa interessar&#8230; (e com certeza vai), tenho para o dia de hoje este bel\u00edssimo trabalho, lan\u00e7ado originalmente em 1965 pela gravadora Chantecler. Trata-se de um raro lp com a cantora e folclorista goiana Ely Camargo e participa\u00e7\u00e3o do &hellip; <a href=\"https:\/\/www.toque-musicall.com\/?p=4881\">Continue lendo <span class=\"meta-nav\">&rarr;<\/span><\/a><\/p>\n","protected":false},"author":1,"featured_media":0,"comment_status":"open","ping_status":"closed","sticky":false,"template":"","format":"standard","meta":{"footnotes":""},"categories":[787,217,25],"tags":[],"class_list":["post-4881","post","type-post","status-publish","format-standard","hentry","category-ely-camargo","category-selo-chantecler","category-selo-independente"],"_links":{"self":[{"href":"https:\/\/www.toque-musicall.com\/index.php?rest_route=\/wp\/v2\/posts\/4881","targetHints":{"allow":["GET"]}}],"collection":[{"href":"https:\/\/www.toque-musicall.com\/index.php?rest_route=\/wp\/v2\/posts"}],"about":[{"href":"https:\/\/www.toque-musicall.com\/index.php?rest_route=\/wp\/v2\/types\/post"}],"author":[{"embeddable":true,"href":"https:\/\/www.toque-musicall.com\/index.php?rest_route=\/wp\/v2\/users\/1"}],"replies":[{"embeddable":true,"href":"https:\/\/www.toque-musicall.com\/index.php?rest_route=%2Fwp%2Fv2%2Fcomments&post=4881"}],"version-history":[{"count":1,"href":"https:\/\/www.toque-musicall.com\/index.php?rest_route=\/wp\/v2\/posts\/4881\/revisions"}],"predecessor-version":[{"id":4882,"href":"https:\/\/www.toque-musicall.com\/index.php?rest_route=\/wp\/v2\/posts\/4881\/revisions\/4882"}],"wp:attachment":[{"href":"https:\/\/www.toque-musicall.com\/index.php?rest_route=%2Fwp%2Fv2%2Fmedia&parent=4881"}],"wp:term":[{"taxonomy":"category","embeddable":true,"href":"https:\/\/www.toque-musicall.com\/index.php?rest_route=%2Fwp%2Fv2%2Fcategories&post=4881"},{"taxonomy":"post_tag","embeddable":true,"href":"https:\/\/www.toque-musicall.com\/index.php?rest_route=%2Fwp%2Fv2%2Ftags&post=4881"}],"curies":[{"name":"wp","href":"https:\/\/api.w.org\/{rel}","templated":true}]}}