{"id":4883,"date":"2015-04-16T23:52:58","date_gmt":"2015-04-17T02:52:58","guid":{"rendered":"http:\/\/www.toque-musicall.com\/?p=4883"},"modified":"2015-04-16T23:52:58","modified_gmt":"2015-04-17T02:52:58","slug":"leo-belico-canta-brasil-en-la-voz-de-leo-belico-1958","status":"publish","type":"post","link":"https:\/\/www.toque-musicall.com\/?p=4883","title":{"rendered":"Leo Belico &#8211; Canta Brasil En La Voz De Leo Belico (1958)"},"content":{"rendered":"<p><img loading=\"lazy\" decoding=\"async\" class=\"aligncenter\" alt=\"\" src=\"http:\/\/2.bp.blogspot.com\/-qvZWLZgufo8\/VS72J2NiIwI\/AAAAAAAALaY\/_P-oXtMarUU\/s1600\/capap.JPG\" width=\"1000\" height=\"994\" \/><img loading=\"lazy\" decoding=\"async\" class=\"aligncenter\" alt=\"\" src=\"http:\/\/1.bp.blogspot.com\/-oWmMn4hzAtQ\/VS72Svg7CaI\/AAAAAAAALag\/o7fCIsLMVzI\/s1600\/contrap.JPG\" width=\"1000\" height=\"1003\" \/>A quem possa interessar&#8230; Aos amigos cultos e ocultos, tenho aqui um \u00e1lbum dos mais interessantes. Disco importado, da Argentina, apresentando um artista brasileiro que foi sucesso por l\u00e1 nos anos 50, L\u00e9o Belico, um nome que por aqui poucos se lembrar\u00e3o, mas ainda hoje pela Argentina a fora \u00e9 um artista cultuado. Curiosa a hist\u00f3ria e trajet\u00f3ria deste cantor que era mineiro, da cidade de Piedade de Ponte Nova. Veio para Belo Horizonte onde foi cantor na R\u00e1dio Guarani e tamb\u00e9m &#8216;crooner&#8217; em orquestras da cidade. Num passeio a Bueno Aires no in\u00edcio dos anos 50, de uma semana, acabou ficando v\u00e1rios anos. Se transformou em um astro da m\u00fasica naquele pa\u00eds cantando exclusivamente musica brasileira. Era muito prestigiado, inclusive pela Primeira Dama Eva Peron&#8230; Mas, numa saudade repentina acabou voltando ao Brasil. Atuou em r\u00e1dios ao lado de outros grandes cantores da \u00e9poca, Gravou algumas coisas para a Odeon, mas n\u00e3o chegou a lan\u00e7ar nada por aqui. Na Argentina foi que ele gravou v\u00e1rios discos, em 78, 45 e 33 rota\u00e7\u00f5es, bolachas essas que nunca chegaram ao Brasil. Leo Belico gravou na Argentina cantando exclusivamente em portugu\u00eas e seu repert\u00f3rio foi sempre m\u00fasicas de qualidade do nosso cancioneiro popular. Talvez, por isso mesmo, sendo aut\u00eantico em suas escolhas musicais, que ele conseguiu conquistar o carinho dos nossos &#8216;hermanos&#8217;.<br \/>\nLeo Belico faleceu este ano, em Belo Horizonte e como tantos outros artistas de seu tempo, morreu esquecido. Em seu vel\u00f3rio haviam pouco mais de 20 pessoas, apenas parentes e amigos pr\u00f3ximos. Leo Belico era tio da atriz mineira, Dayse Belico.<br \/>\nDesde a morte do cantor eu pensava em prestar uma homenagem, reunindo algumas poucas grava\u00e7\u00f5es que eu consegui. Por sorte a amiga e colecionadora argentina, Cristina Baez, tinha uma s\u00e9rie de grava\u00e7\u00f5es de Leo Belico e me enviou. Eu j\u00e1 estava para montar a colet\u00e2nea, da\u00ed apareceu este lp que achei na Feira do Vinil. Comprei no ato e agora compartilho ele aqui com voc\u00eas. \u00e1lbum de 33 rpm que re\u00fane m\u00fasicas lan\u00e7adas anteriormente em 78 e 45 rpm. Para quem n\u00e3o conhece este artista argentino de Belo Horizonte, eis aqui uma boa oportunidade. Confira<a href=\"http:\/\/depositfiles.org\/files\/svmfn56tx\" target=\"_blank\">m<\/a>&#8230;<\/p>\n<div style=\"text-align: center;\">faustina<\/div>\n<div style=\"text-align: center;\">esta noite seren\u00f4<\/div>\n<div style=\"text-align: center;\">sassaricando<\/div>\n<div style=\"text-align: center;\">dona do mundo<\/div>\n<div style=\"text-align: center;\">eu vou at\u00e9 de manh\u00e3<\/div>\n<div style=\"text-align: center;\">passarinho na gaiola<\/div>\n<div style=\"text-align: center;\">vingan\u00e7a<\/div>\n<div style=\"text-align: center;\">ana maria<\/div>\n<div style=\"text-align: center;\">me deixe em paz<\/div>\n<div style=\"text-align: center;\">peixe vivo<\/div>\n<div style=\"text-align: center;\">adeus america<\/div>\n<div style=\"text-align: center;\">can\u00e7\u00e3o do vaqueiro<\/div>\n<div style=\"text-align: center;\">o delegado quis prender o antonio<\/div>\n<div style=\"text-align: center;\">bai\u00e3o de copacabana<\/div>\n<div style=\"text-align: center;\"><\/div>\n","protected":false},"excerpt":{"rendered":"<p>A quem possa interessar&#8230; Aos amigos cultos e ocultos, tenho aqui um \u00e1lbum dos mais interessantes. Disco importado, da Argentina, apresentando um artista brasileiro que foi sucesso por l\u00e1 nos anos 50, L\u00e9o Belico, um nome que por aqui poucos &hellip; <a href=\"https:\/\/www.toque-musicall.com\/?p=4883\">Continue lendo <span class=\"meta-nav\">&rarr;<\/span><\/a><\/p>\n","protected":false},"author":1,"featured_media":0,"comment_status":"open","ping_status":"closed","sticky":false,"template":"","format":"standard","meta":{"footnotes":""},"categories":[2549],"tags":[],"class_list":["post-4883","post","type-post","status-publish","format-standard","hentry","category-selo-music-hall"],"_links":{"self":[{"href":"https:\/\/www.toque-musicall.com\/index.php?rest_route=\/wp\/v2\/posts\/4883","targetHints":{"allow":["GET"]}}],"collection":[{"href":"https:\/\/www.toque-musicall.com\/index.php?rest_route=\/wp\/v2\/posts"}],"about":[{"href":"https:\/\/www.toque-musicall.com\/index.php?rest_route=\/wp\/v2\/types\/post"}],"author":[{"embeddable":true,"href":"https:\/\/www.toque-musicall.com\/index.php?rest_route=\/wp\/v2\/users\/1"}],"replies":[{"embeddable":true,"href":"https:\/\/www.toque-musicall.com\/index.php?rest_route=%2Fwp%2Fv2%2Fcomments&post=4883"}],"version-history":[{"count":1,"href":"https:\/\/www.toque-musicall.com\/index.php?rest_route=\/wp\/v2\/posts\/4883\/revisions"}],"predecessor-version":[{"id":4884,"href":"https:\/\/www.toque-musicall.com\/index.php?rest_route=\/wp\/v2\/posts\/4883\/revisions\/4884"}],"wp:attachment":[{"href":"https:\/\/www.toque-musicall.com\/index.php?rest_route=%2Fwp%2Fv2%2Fmedia&parent=4883"}],"wp:term":[{"taxonomy":"category","embeddable":true,"href":"https:\/\/www.toque-musicall.com\/index.php?rest_route=%2Fwp%2Fv2%2Fcategories&post=4883"},{"taxonomy":"post_tag","embeddable":true,"href":"https:\/\/www.toque-musicall.com\/index.php?rest_route=%2Fwp%2Fv2%2Ftags&post=4883"}],"curies":[{"name":"wp","href":"https:\/\/api.w.org\/{rel}","templated":true}]}}