{"id":4886,"date":"2015-04-18T12:35:53","date_gmt":"2015-04-18T15:35:53","guid":{"rendered":"http:\/\/www.toque-musicall.com\/?p=4886"},"modified":"2015-04-19T12:39:04","modified_gmt":"2015-04-19T15:39:04","slug":"charlie-byrd-latin-byrd-1973","status":"publish","type":"post","link":"https:\/\/www.toque-musicall.com\/?p=4886","title":{"rendered":"Charlie Byrd &#8211; Latin Byrd (1973)"},"content":{"rendered":"<p><img loading=\"lazy\" decoding=\"async\" class=\"aligncenter\" alt=\"\" src=\"http:\/\/2.bp.blogspot.com\/-KgpA6aHf3bM\/VTPBn3NCELI\/AAAAAAAALa0\/_OMS8RiY7Hk\/s1600\/capa%2BFp.JPG\" width=\"1000\" height=\"1000\" \/><img loading=\"lazy\" decoding=\"async\" class=\"aligncenter\" alt=\"\" src=\"http:\/\/1.bp.blogspot.com\/-1ZL-dvPKTBc\/VTPBtdcicWI\/AAAAAAAALa8\/RiqNxhjQiUw\/s1600\/contracapap.JPG\" width=\"1000\" height=\"1000\" \/>A quem possa interessar&#8230; (e vai interessar) Trago para hoje um \u00e1lbum refinado, disco importado lan\u00e7ado pelo selo americando Milestone em 1973. Trata-se do grande violonista\/guitarrista, tamb\u00e9m americano, Charlie Byrd, numa sele\u00e7\u00e3o de grava\u00e7\u00f5es que podemos considerar hist\u00f3rias, pois aqui est\u00e3o as primeiras investidas do instrumentista na m\u00fasica brasileira, em grava\u00e7\u00f5es feitas no inicio dos anos 60. Byrd foi um dos primeiros m\u00fasicos americanos a flertar com\u00a0\u00a0a Bossa Nova, contribuindo para a ado\u00e7\u00e3o e simpatia ianque pelo ent\u00e3o novo g\u00eanero musical da \u00e9poca, Neste lp duplo iremos encontrar alguns dos maiores cl\u00e1ssicos da BN e tamb\u00e9m temas de autoria de Byrd e de outros, inspirados no &#8216;brazilian style&#8217;. Uma curiosidade que me chamou a aten\u00e7\u00e3o \u00e9 esta capa, muito bizarra, n\u00e3o acham? Parece que todos est\u00e3o empalhados, inclusive o Charlie Byrd. Muito estranha&#8230; Outro fato curioso \u00e9 o nome das m\u00fasicas todas em portugu\u00eas (com alguns errinhos), inclusive as que n\u00e3o s\u00e3o de autoria de brasileiros. Isso sim \u00e9 que \u00e9 querer se aproximar ao m\u00e1ximo da brasilidade.<br \/>\nEu, geralmente evito de ficar postando discos estrangeiros, principalmente os americanos, pois sei que o que eles produzem l\u00e1 nunca \u00e9 de gra\u00e7a e este \u00e1lbum, certamente, nunca ficou fora de cat\u00e1logo. Mesmo assim, o neg\u00f3cio rola \u00e9 por l\u00e1. Por aqui a gente tem que esperar, pagar mais caro e para conhecer e at\u00e9 comprar, precisamos desse deguste compartilhado. Corre, pois \u00e9 por tempo limitad<a href=\"http:\/\/depositfiles.org\/files\/ua74o19co\" target=\"_blank\">o<\/a>!<\/p>\n<div style=\"text-align: center;\">medita\u00e7\u00e3o<\/div>\n<div style=\"text-align: center;\">samba de uma nota s\u00f3<\/div>\n<div style=\"text-align: center;\">yvone<\/div>\n<div style=\"text-align: center;\">voc\u00ea e eu<\/div>\n<div style=\"text-align: center;\">coisa mais linda<\/div>\n<div style=\"text-align: center;\">o barquinho<\/div>\n<div style=\"text-align: center;\">desafinado<\/div>\n<div style=\"text-align: center;\">samba triste<\/div>\n<div style=\"text-align: center;\">carnaval<\/div>\n<div style=\"text-align: center;\">\u00f4 ba la la<\/div>\n<div style=\"text-align: center;\">ela me deixou (she has gone)<\/div>\n<div style=\"text-align: center;\">o p\u00e1ssaro (the byrd)<\/div>\n<div style=\"text-align: center;\">outra vez<\/div>\n<div style=\"text-align: center;\">presente de natal (birthday present)<\/div>\n<div style=\"text-align: center;\">insensatez<\/div>\n<div style=\"text-align: center;\">three note samba<\/div>\n<div style=\"text-align: center;\">samba da minha terra<\/div>\n<div style=\"text-align: center;\">limehouse blues<\/div>\n<div style=\"text-align: center;\">saudade da bahia<\/div>\n<div style=\"text-align: center;\">anna<\/div>\n<div style=\"text-align: center;\">sossegadamente (softly)<\/div>\n<div style=\"text-align: center;\">chega de saudade<\/div>\n<div style=\"text-align: center;\">can\u00e7\u00e3o de ninar para carol (lullaby for carol)<\/div>\n<div style=\"text-align: center;\"><\/div>\n<div style=\"text-align: center;\">.<\/div>\n","protected":false},"excerpt":{"rendered":"<p>A quem possa interessar&#8230; (e vai interessar) Trago para hoje um \u00e1lbum refinado, disco importado lan\u00e7ado pelo selo americando Milestone em 1973. Trata-se do grande violonista\/guitarrista, tamb\u00e9m americano, Charlie Byrd, numa sele\u00e7\u00e3o de grava\u00e7\u00f5es que podemos considerar hist\u00f3rias, pois aqui &hellip; <a href=\"https:\/\/www.toque-musicall.com\/?p=4886\">Continue lendo <span class=\"meta-nav\">&rarr;<\/span><\/a><\/p>\n","protected":false},"author":1,"featured_media":0,"comment_status":"open","ping_status":"closed","sticky":false,"template":"","format":"standard","meta":{"footnotes":""},"categories":[2551],"tags":[],"class_list":["post-4886","post","type-post","status-publish","format-standard","hentry","category-selo-milestone"],"_links":{"self":[{"href":"https:\/\/www.toque-musicall.com\/index.php?rest_route=\/wp\/v2\/posts\/4886","targetHints":{"allow":["GET"]}}],"collection":[{"href":"https:\/\/www.toque-musicall.com\/index.php?rest_route=\/wp\/v2\/posts"}],"about":[{"href":"https:\/\/www.toque-musicall.com\/index.php?rest_route=\/wp\/v2\/types\/post"}],"author":[{"embeddable":true,"href":"https:\/\/www.toque-musicall.com\/index.php?rest_route=\/wp\/v2\/users\/1"}],"replies":[{"embeddable":true,"href":"https:\/\/www.toque-musicall.com\/index.php?rest_route=%2Fwp%2Fv2%2Fcomments&post=4886"}],"version-history":[{"count":1,"href":"https:\/\/www.toque-musicall.com\/index.php?rest_route=\/wp\/v2\/posts\/4886\/revisions"}],"predecessor-version":[{"id":4887,"href":"https:\/\/www.toque-musicall.com\/index.php?rest_route=\/wp\/v2\/posts\/4886\/revisions\/4887"}],"wp:attachment":[{"href":"https:\/\/www.toque-musicall.com\/index.php?rest_route=%2Fwp%2Fv2%2Fmedia&parent=4886"}],"wp:term":[{"taxonomy":"category","embeddable":true,"href":"https:\/\/www.toque-musicall.com\/index.php?rest_route=%2Fwp%2Fv2%2Fcategories&post=4886"},{"taxonomy":"post_tag","embeddable":true,"href":"https:\/\/www.toque-musicall.com\/index.php?rest_route=%2Fwp%2Fv2%2Ftags&post=4886"}],"curies":[{"name":"wp","href":"https:\/\/api.w.org\/{rel}","templated":true}]}}