{"id":4895,"date":"2015-04-26T05:55:17","date_gmt":"2015-04-26T08:55:17","guid":{"rendered":"http:\/\/www.toque-musicall.com\/?p=4895"},"modified":"2015-04-30T18:06:15","modified_gmt":"2015-04-30T21:06:15","slug":"wanderlea-mais-que-paixao-1978","status":"publish","type":"post","link":"https:\/\/www.toque-musicall.com\/?p=4895","title":{"rendered":"Wanderlea &#8211; Mais Que A Paix\u00e3o (1978)"},"content":{"rendered":"<p><img loading=\"lazy\" decoding=\"async\" class=\"aligncenter\" alt=\"\" src=\"http:\/\/1.bp.blogspot.com\/-aDCYu8knV44\/VTyi3S_yDlI\/AAAAAAAALck\/WeKLndyp-5k\/s1600\/capap.JPG\" width=\"1000\" height=\"1057\" \/><img loading=\"lazy\" decoding=\"async\" class=\"aligncenter\" alt=\"\" src=\"http:\/\/3.bp.blogspot.com\/-SINNQ72Qanw\/VTyi3hj2i-I\/AAAAAAAALco\/8Tj0QjrOJaI\/s1600\/contrap.JPG\" width=\"1000\" height=\"1026\" \/>A quem possa interessar&#8230; mas, em especial para o amigo F\u00e1res, eterno f\u00e3 da Jovem Guarda. Trago aqui um dos discos que eu mais gosto da Wanderl\u00e9a. Por certo \u00e9 tamb\u00e9m um dos seus melhores trabalhos. Disco bem produzido, repert\u00f3rio impec\u00e1vel, time de m\u00fasicos de primeira e participa\u00e7\u00f5es especiais de Egberto Gismonti, Djavan e Moraes Moreira. Confira<a href=\"http:\/\/depositfiles.org\/files\/pid3by9s2\" target=\"_blank\">m<\/a>!<\/p>\n<div style=\"text-align: center;\">can\u00e7\u00e3o de adeus<\/div>\n<div style=\"text-align: center;\">antes que o mundo acabe<\/div>\n<div style=\"text-align: center;\">lindo<\/div>\n<div style=\"text-align: center;\">o canto da lira<\/div>\n<div style=\"text-align: center;\">segredo<\/div>\n<div style=\"text-align: center;\">fruto maduro<\/div>\n<div style=\"text-align: center;\">pingo de leite<\/div>\n<div style=\"text-align: center;\">guerreiro s. jo\u00e3o<\/div>\n<div style=\"text-align: center;\">pitanga<\/div>\n<div style=\"text-align: center;\">bicho medo<\/div>\n<div style=\"text-align: center;\">mais que paix\u00e3o<\/div>\n<div style=\"text-align: center;\"><\/div>\n<div style=\"text-align: center;\">.<\/div>\n","protected":false},"excerpt":{"rendered":"<p>A quem possa interessar&#8230; mas, em especial para o amigo F\u00e1res, eterno f\u00e3 da Jovem Guarda. Trago aqui um dos discos que eu mais gosto da Wanderl\u00e9a. Por certo \u00e9 tamb\u00e9m um dos seus melhores trabalhos. Disco bem produzido, repert\u00f3rio &hellip; <a href=\"https:\/\/www.toque-musicall.com\/?p=4895\">Continue lendo <span class=\"meta-nav\">&rarr;<\/span><\/a><\/p>\n","protected":false},"author":1,"featured_media":0,"comment_status":"open","ping_status":"closed","sticky":false,"template":"","format":"standard","meta":{"footnotes":""},"categories":[244,1798],"tags":[],"class_list":["post-4895","post","type-post","status-publish","format-standard","hentry","category-selo-emi-odeon","category-wanderlea"],"_links":{"self":[{"href":"https:\/\/www.toque-musicall.com\/index.php?rest_route=\/wp\/v2\/posts\/4895","targetHints":{"allow":["GET"]}}],"collection":[{"href":"https:\/\/www.toque-musicall.com\/index.php?rest_route=\/wp\/v2\/posts"}],"about":[{"href":"https:\/\/www.toque-musicall.com\/index.php?rest_route=\/wp\/v2\/types\/post"}],"author":[{"embeddable":true,"href":"https:\/\/www.toque-musicall.com\/index.php?rest_route=\/wp\/v2\/users\/1"}],"replies":[{"embeddable":true,"href":"https:\/\/www.toque-musicall.com\/index.php?rest_route=%2Fwp%2Fv2%2Fcomments&post=4895"}],"version-history":[{"count":3,"href":"https:\/\/www.toque-musicall.com\/index.php?rest_route=\/wp\/v2\/posts\/4895\/revisions"}],"predecessor-version":[{"id":4901,"href":"https:\/\/www.toque-musicall.com\/index.php?rest_route=\/wp\/v2\/posts\/4895\/revisions\/4901"}],"wp:attachment":[{"href":"https:\/\/www.toque-musicall.com\/index.php?rest_route=%2Fwp%2Fv2%2Fmedia&parent=4895"}],"wp:term":[{"taxonomy":"category","embeddable":true,"href":"https:\/\/www.toque-musicall.com\/index.php?rest_route=%2Fwp%2Fv2%2Fcategories&post=4895"},{"taxonomy":"post_tag","embeddable":true,"href":"https:\/\/www.toque-musicall.com\/index.php?rest_route=%2Fwp%2Fv2%2Ftags&post=4895"}],"curies":[{"name":"wp","href":"https:\/\/api.w.org\/{rel}","templated":true}]}}