{"id":4898,"date":"2015-04-29T23:33:55","date_gmt":"2015-04-30T02:33:55","guid":{"rendered":"http:\/\/www.toque-musicall.com\/?p=4898"},"modified":"2015-04-30T18:04:47","modified_gmt":"2015-04-30T21:04:47","slug":"som-imaginario-equipe-mercado-modulo-1000-tribo-1971","status":"publish","type":"post","link":"https:\/\/www.toque-musicall.com\/?p=4898","title":{"rendered":"Som Imagin\u00e1rio &#8211; Equipe Mercado &#8211; M\u00f3dulo 1000 &#8211; Tribo (1971)"},"content":{"rendered":"<p><img loading=\"lazy\" decoding=\"async\" class=\"aligncenter\" alt=\"\" src=\"http:\/\/3.bp.blogspot.com\/-jwl4PbAnuiQ\/VUGNKar9S2I\/AAAAAAAALdE\/yoRL12inx7Q\/s1600\/capap.JPG\" width=\"1000\" height=\"1019\" \/><img loading=\"lazy\" decoding=\"async\" class=\"aligncenter\" alt=\"\" src=\"http:\/\/3.bp.blogspot.com\/-OeiTsd4M8uY\/VUGNKfyu-uI\/AAAAAAAALdI\/NWMMB-i8fag\/s1600\/contrap.JPG\" width=\"1000\" height=\"1015\" \/>A quem possa interessar&#8230; Aos amigos cultos e ocultos&#8230; Eu hoje estou postando este disco em forma de homenagem p\u00f3stuma ao grande guitarrista, Daniel Cardone, que faleceu h\u00e1 alguns dias atr\u00e1s. Fiquei chocado com a morte dele, pois sempre acompanhava a suas postagens no Facebook. Fiquei alguns dias sem entrar e logo ao abrir dei de cara com essa p\u00e9ssima not\u00edcia. Muito chato. Cardone era integrante do M\u00f3dulo 1000, banda conceituad\u00edssima no in\u00edcio dos anos 70.<br \/>\nSegue aqui este lp reunindo quatro bandas com influ\u00eancias do rock progressivo: Tribo, Equipe Mercado, M\u00f3dulo 1000 e Som Imagin\u00e1rio. Este \u00e1lbum foi lan\u00e7ado originalmente em 1971, com outra capa e sob o t\u00edtulo de &#8220;Posi\u00e7\u00f5es&#8221;. Algum tempo depois voltou a ser relan\u00e7ado com esta capa, fazendo parte da S\u00e9rie Vanguarda, que at\u00e9 onde eu sei, ficou somente no volume 1. Confiram esta colet\u00e2nea, vale a pen<a href=\"http:\/\/depositfiles.org\/files\/pj96524lc\" target=\"_blank\">a<\/a>! \ud83d\ude09<\/p>\n<div style=\"text-align: center;\">kyrie &#8211; tribo<\/div>\n<div style=\"text-align: center;\">marina belair &#8211; equipe mercado<\/div>\n<div style=\"text-align: center;\">curt\u00edssima &#8211; m\u00f3dulo 1000<\/div>\n<div style=\"text-align: center;\">a nova estrela &#8211; som imagin\u00e1rio<\/div>\n<div style=\"text-align: center;\">ferrugem e fuligem &#8211; m\u00f3dulo 1000<\/div>\n<div style=\"text-align: center;\">peba &amp; pob\u00f3 &#8211; tribo<\/div>\n<div style=\"text-align: center;\"><\/div>\n","protected":false},"excerpt":{"rendered":"<p>A quem possa interessar&#8230; Aos amigos cultos e ocultos&#8230; Eu hoje estou postando este disco em forma de homenagem p\u00f3stuma ao grande guitarrista, Daniel Cardone, que faleceu h\u00e1 alguns dias atr\u00e1s. Fiquei chocado com a morte dele, pois sempre acompanhava &hellip; <a href=\"https:\/\/www.toque-musicall.com\/?p=4898\">Continue lendo <span class=\"meta-nav\">&rarr;<\/span><\/a><\/p>\n","protected":false},"author":1,"featured_media":0,"comment_status":"open","ping_status":"closed","sticky":false,"template":"","format":"standard","meta":{"footnotes":""},"categories":[86,1863],"tags":[],"class_list":["post-4898","post","type-post","status-publish","format-standard","hentry","category-selo-odeon","category-som-imaginario"],"_links":{"self":[{"href":"https:\/\/www.toque-musicall.com\/index.php?rest_route=\/wp\/v2\/posts\/4898","targetHints":{"allow":["GET"]}}],"collection":[{"href":"https:\/\/www.toque-musicall.com\/index.php?rest_route=\/wp\/v2\/posts"}],"about":[{"href":"https:\/\/www.toque-musicall.com\/index.php?rest_route=\/wp\/v2\/types\/post"}],"author":[{"embeddable":true,"href":"https:\/\/www.toque-musicall.com\/index.php?rest_route=\/wp\/v2\/users\/1"}],"replies":[{"embeddable":true,"href":"https:\/\/www.toque-musicall.com\/index.php?rest_route=%2Fwp%2Fv2%2Fcomments&post=4898"}],"version-history":[{"count":2,"href":"https:\/\/www.toque-musicall.com\/index.php?rest_route=\/wp\/v2\/posts\/4898\/revisions"}],"predecessor-version":[{"id":4900,"href":"https:\/\/www.toque-musicall.com\/index.php?rest_route=\/wp\/v2\/posts\/4898\/revisions\/4900"}],"wp:attachment":[{"href":"https:\/\/www.toque-musicall.com\/index.php?rest_route=%2Fwp%2Fv2%2Fmedia&parent=4898"}],"wp:term":[{"taxonomy":"category","embeddable":true,"href":"https:\/\/www.toque-musicall.com\/index.php?rest_route=%2Fwp%2Fv2%2Fcategories&post=4898"},{"taxonomy":"post_tag","embeddable":true,"href":"https:\/\/www.toque-musicall.com\/index.php?rest_route=%2Fwp%2Fv2%2Ftags&post=4898"}],"curies":[{"name":"wp","href":"https:\/\/api.w.org\/{rel}","templated":true}]}}