{"id":49,"date":"2012-05-29T22:30:00","date_gmt":"2012-05-29T22:30:00","guid":{"rendered":"http:\/\/www.toque-musicall.com\/?p=49"},"modified":"2012-05-29T22:30:00","modified_gmt":"2012-05-29T22:30:00","slug":"conjunto-nosso-samba-de-onde-vem-o-samba-1969","status":"publish","type":"post","link":"https:\/\/www.toque-musicall.com\/?p=49","title":{"rendered":"Conjunto Nosso Samba &#8211; De Onde Vem O Samba (1969)"},"content":{"rendered":"<div style=\"clear: both; text-align: center;\"><a href=\"http:\/\/1.bp.blogspot.com\/-_aXdH4dWueM\/T8VEVWs6rCI\/AAAAAAAACfM\/qvAPZ1nvZYE\/s1600\/folder.jpg\" style=\"margin-left: 1em; margin-right: 1em;\"><img loading=\"lazy\" decoding=\"async\" border=\"0\" height=\"400\" src=\"http:\/\/1.bp.blogspot.com\/-_aXdH4dWueM\/T8VEVWs6rCI\/AAAAAAAACfM\/qvAPZ1nvZYE\/s400\/folder.jpg\" width=\"400\" \/><\/a><\/div>\n<div style=\"clear: both; text-align: center;\"><a href=\"http:\/\/4.bp.blogspot.com\/-qYXxucpgZXc\/T8VEN0fyfNI\/AAAAAAAACfE\/zRgUYo2RHbY\/s1600\/nosso+Bp.JPG\" style=\"margin-left: 1em; margin-right: 1em;\"><img loading=\"lazy\" decoding=\"async\" border=\"0\" height=\"395\" src=\"http:\/\/4.bp.blogspot.com\/-qYXxucpgZXc\/T8VEN0fyfNI\/AAAAAAAACfE\/zRgUYo2RHbY\/s400\/nosso+Bp.JPG\" width=\"400\" \/><\/a><\/div>\n<p>Boa noite, amigos cultos, ocultos e associados de plant\u00e3o! Hoje o dia vai ser de samba. Estou trazendo para voc\u00eas, pela segunda vez, o Conjunto Nosso Samba. Nesta oportunidade teremos a chance de conhecer o primeiro disco gravado pelo grupo, em 1969. Este \u00e1lbum foi relan\u00e7ado, assim como outros, pelo selo Beverly, nos anos 80. Aqui encontramos a turma formada pelos sambistas compositores Renato Ennes, Genaro, Carlinhos Cavaco, Stenio Barbosa, Gordinho e N\u00f4.<br \/>&#8220;De onde vem o samba&#8221; foi o disco de estr\u00e9ia desse conjunto que fez muito sucesso nos anos 70 acompanhando grandes nomes da MPB. Embora todos os integrantes fossem compositores, a produ\u00e7\u00e3o optou por fazer um disco mesclado com sambas consagrados e de outros autores, montados estrategicamente em &#8216;pout pourri&#8217;, isso talvez, visando uma apresenta\u00e7\u00e3o mais confort\u00e1vel \u00a0frente ao p\u00fablico.<br \/>Estou observando aqui que algumas m\u00fasicas s\u00e3o as mesmas do <a href=\"http:\/\/novotoquemusical.blogspot.com.br\/2008\/03\/conjunto-nosso-samba-1972.html\" target=\"_blank\">disco de 1972<\/a>, apresentado aqui anteriormente. Vou at\u00e9 conferir para ver se s\u00e3o as mesmas grava\u00e7\u00f5es. Parece que sim. Mesmo assim, vale dar uma conferida, pois o disco ainda traz a presen\u00e7a do trombone de Raul de Barros, o que valoriza e muito toda essa produ\u00e7\u00e3o. Pe\u00e7a esse toque \ud83d\ude09<\/p>\n<div style=\"text-align: center;\">pout pourri:<\/div>\n<div style=\"text-align: center;\"><i>nhem, nhem, nhem<\/i><\/div>\n<div style=\"text-align: center;\"><i>yay\u00e1 do cais dourado<\/i><\/div>\n<div style=\"text-align: center;\"><i>parei an sua<\/i><\/div>\n<div style=\"text-align: center;\"><i>casa de bamba<\/i><\/div>\n<div style=\"text-align: center;\">aquarela de samba<\/div>\n<div style=\"text-align: center;\">pout pourri:<\/div>\n<div style=\"text-align: center;\"><i>no tabuleiro da baiana<\/i><\/div>\n<div style=\"text-align: center;\"><i>saudade da bahia<\/i><\/div>\n<div style=\"text-align: center;\"><i>lapinha<\/i><\/div>\n<div style=\"text-align: center;\"><i>grabiela cravo e canela<\/i><\/div>\n<div style=\"text-align: center;\"><i>a baiana e o tabuleiro<\/i><\/div>\n<div style=\"text-align: center;\"><i>origem do samba<\/i><\/div>\n<div style=\"text-align: center;\"><i>bahia de todos os deuses<\/i><\/div>\n<div style=\"text-align: center;\">pout pourri:<\/div>\n<div style=\"text-align: center;\"><i>ai que saudades da am\u00e9lia<\/i><\/div>\n<div style=\"text-align: center;\"><i>voc\u00ea passa eu acho gra\u00e7a<\/i><\/div>\n<div style=\"text-align: center;\"><i>laranja madura<\/i><\/div>\n<div style=\"text-align: center;\"><i>estou chorando sim<\/i><\/div>\n<div style=\"text-align: center;\"><i>na ginga do samba<\/i><\/div>\n<div style=\"text-align: center;\">viola e viol\u00e3o &#8211; o couro come<\/div>\n<div style=\"text-align: center;\">\u00faltimo portador<\/div>\n<div style=\"text-align: center;\">samba do trabalhador<\/div>\n<div style=\"text-align: center;\">pout pourri:<\/div>\n<div style=\"text-align: center;\"><i>feiti\u00e7o da vila<\/i><\/div>\n<div style=\"text-align: center;\"><i>aos p\u00e9s da santa cruz<\/i><\/div>\n<div style=\"text-align: center;\"><i>palpite infeliz<\/i><\/div>\n<div style=\"text-align: center;\"><i>sabi\u00e1 de mangueira<\/i><\/div>\n<div style=\"text-align: center;\"><i>pra machucar meu cora\u00e7\u00e3o<\/i><\/div>\n<div style=\"text-align: center;\"><i>leva meu samba<\/i><\/div>\n<div style=\"text-align: center;\">espere oh nega<\/div>\n<div style=\"text-align: center;\">cheguei &#8211; n\u00e3o chore amor &#8211; favela<\/div>\n<div style=\"text-align: center;\">sorria<\/div>\n<div style=\"text-align: center;\">ex amada<\/div>\n<div style=\"text-align: center;\">juca seu tal\u00e3o<\/div>\n","protected":false},"excerpt":{"rendered":"<p>Boa noite, amigos cultos, ocultos e associados de plant\u00e3o! Hoje o dia vai ser de samba. Estou trazendo para voc\u00eas, pela segunda vez, o Conjunto Nosso Samba. Nesta oportunidade teremos a chance de conhecer o primeiro disco gravado pelo grupo, &hellip; <a href=\"https:\/\/www.toque-musicall.com\/?p=49\">Continue lendo <span class=\"meta-nav\">&rarr;<\/span><\/a><\/p>\n","protected":false},"author":1,"featured_media":0,"comment_status":"open","ping_status":"closed","sticky":false,"template":"","format":"standard","meta":{"footnotes":""},"categories":[59,55],"tags":[],"class_list":["post-49","post","type-post","status-publish","format-standard","hentry","category-conjunto-nosso-samba","category-selo-beverly"],"_links":{"self":[{"href":"https:\/\/www.toque-musicall.com\/index.php?rest_route=\/wp\/v2\/posts\/49","targetHints":{"allow":["GET"]}}],"collection":[{"href":"https:\/\/www.toque-musicall.com\/index.php?rest_route=\/wp\/v2\/posts"}],"about":[{"href":"https:\/\/www.toque-musicall.com\/index.php?rest_route=\/wp\/v2\/types\/post"}],"author":[{"embeddable":true,"href":"https:\/\/www.toque-musicall.com\/index.php?rest_route=\/wp\/v2\/users\/1"}],"replies":[{"embeddable":true,"href":"https:\/\/www.toque-musicall.com\/index.php?rest_route=%2Fwp%2Fv2%2Fcomments&post=49"}],"version-history":[{"count":0,"href":"https:\/\/www.toque-musicall.com\/index.php?rest_route=\/wp\/v2\/posts\/49\/revisions"}],"wp:attachment":[{"href":"https:\/\/www.toque-musicall.com\/index.php?rest_route=%2Fwp%2Fv2%2Fmedia&parent=49"}],"wp:term":[{"taxonomy":"category","embeddable":true,"href":"https:\/\/www.toque-musicall.com\/index.php?rest_route=%2Fwp%2Fv2%2Fcategories&post=49"},{"taxonomy":"post_tag","embeddable":true,"href":"https:\/\/www.toque-musicall.com\/index.php?rest_route=%2Fwp%2Fv2%2Ftags&post=49"}],"curies":[{"name":"wp","href":"https:\/\/api.w.org\/{rel}","templated":true}]}}