{"id":490,"date":"2011-04-15T21:46:00","date_gmt":"2011-04-15T21:46:00","guid":{"rendered":"http:\/\/www.toque-musicall.com\/?p=490"},"modified":"2011-04-15T21:46:00","modified_gmt":"2011-04-15T21:46:00","slug":"cau-pimentel-alem-do-litoral-2004","status":"publish","type":"post","link":"https:\/\/www.toque-musicall.com\/?p=490","title":{"rendered":"Cau Pimentel &#8211; Alem Do Litoral (2004)"},"content":{"rendered":"<div style=\"clear: both; text-align: center;\"><a href=\"http:\/\/4.bp.blogspot.com\/-cQlQ5rnPnCM\/TaiEzxa97mI\/AAAAAAAAH7g\/Hfl5zQFcW0w\/s1600\/Cau+F2.jpg\" style=\"margin-left: 1em; margin-right: 1em;\"><img loading=\"lazy\" decoding=\"async\" border=\"0\" height=\"387\" src=\"http:\/\/4.bp.blogspot.com\/-cQlQ5rnPnCM\/TaiEzxa97mI\/AAAAAAAAH7g\/Hfl5zQFcW0w\/s400\/Cau+F2.jpg\" width=\"400\" \/><\/a><\/div>\n<div style=\"clear: both; text-align: left;\">Boa tarde, amigos cultos e ocultos! Hoje eu estou aqui meio que &#8216;de molho&#8217;, em casa, depois de ter passado por uma pequena cirurgia para extrair os meus dois \u00faltimos sisos indecisos, que ficaram para o final. Agora, podem acreditar, n\u00e3o vou &#8216;rancar&#8217; mais nada. Deixo o ato de &#8216;arrancar&#8217; para aqueles que p\u00f5e a m\u00e3o na cabe\u00e7a, pasmos com meus erros ortogr\u00e1ficos. Podem continuar arrancando os cabelos de raiva ou de d\u00f3, eu de c\u00e1, vou tomando meu Johnny Walker com Danone Active&#8230;<\/div>\n<div style=\"clear: both; text-align: left;\">Bom, deixa de bobagem e vamos falar s\u00e9rio&#8230; Hoje eu estou trazendo para voc\u00eas um compositor que me foi apresentado pelo amigo Chris Rousseau. Trata-se de Cau Pimentel, um nome que, por certo, poucos devem conhecer, eu mesmo nunca tinha ouvido falar dele. Mas nunca \u00e9 tarde para se ter contato com um artista de qualidade, mesmo quando ele se apresenta mais como compositor do que int\u00e9rprete, tendo a m\u00fasica com um paralelo. Pelo que o Chris me relatou, Cau \u00e9 um advogado. Pesquisando mais, um pouquinho daqui e dal\u00ed, descobri que ele j\u00e1 havia gravado um compacto l\u00e1 pelos anos 70. Deve ter sido mais um artista que, diante \u00e0s dificuldades da profiss\u00e3o, preferiu seguir outra que lhe desse mais estabilidade. Pelo que eu entendi, Cau Pimentel \u00e9 um advogado que atua na \u00e1rea de direitos autorais. Possilvemente, defende os direitos de muitos dos nossos artistas. Confesso que fiquei um pouco receioso em postar esse seu trabalho, mas o Chris me garantiu que o cara, embora advogado, tem a sensibilidade de um poeta. Ele comentou com Cau sobre o Toque Musical. Ele autorizou que eu fizesse a postagem e at\u00e9 me permitiu compor uma nova capa para este trabalho, lan\u00e7ado originalmente em 1983 com o t\u00edtulo de &#8220;Amigos&#8221;, pelo selo independente Pointer. Em 2004, Cau relan\u00e7ou o trabalho em formato de cd, incluindo outras m\u00fasicas. Desta vez o disco n\u00e3o apresentava um nome, mas veio como se chamando &#8220;Al\u00e9m do Litoral&#8221;, t\u00edtulo de uma das faixas. Ao compor a capinha, optei por esse t\u00edtulo, dando assim, ao trabalho, um novo f\u00f4lego.\u00a0<\/div>\n<div style=\"clear: both; text-align: left;\">A m\u00fasica de Cau Pimentel, embora essencialmente popular, n\u00e3o \u00e9, ou foi, sucesso de r\u00e1dio. Mas como muitos outros artistas, se mant\u00e9m num n\u00edvel de excel\u00eancia e qualidade que dispensa essas firulas e tal popularidade. Uma prova disso s\u00e3o os amigos e parceiros aqui convidados, que participam do disco. Figuras como Ivan Lins, Z\u00e9 Luiz Mazziotti, Alaide Costa, Pery Ribeiro, Jane Duboc, Natan Marques, Dori Caymmi, Fil\u00f3 Machado, Gilson Peranzzetta, Conjunto Placa Luminosa&#8230; vixiii&#8230;tem gente demais, s\u00f3 mesmo conferindo nos cr\u00e9ditos do disco.<\/div>\n<div style=\"clear: both; text-align: left;\"><\/div>\n<div style=\"clear: both; text-align: center;\">fim de festa<\/div>\n<div style=\"clear: both; text-align: center;\">verso novo<\/div>\n<div style=\"clear: both; text-align: center;\">tempos<\/div>\n<div style=\"clear: both; text-align: center;\">jura quebrada<\/div>\n<div style=\"clear: both; text-align: center;\">aus\u00eancia<\/div>\n<div style=\"clear: both; text-align: center;\">calv\u00e1rio<\/div>\n<div style=\"clear: both; text-align: center;\">mascavo<\/div>\n<div style=\"clear: both; text-align: center;\">confiss\u00e3o de amor<\/div>\n<div style=\"clear: both; text-align: center;\">aldeia<\/div>\n<div style=\"clear: both; text-align: center;\">p\u00e9 na jaca<\/div>\n<div style=\"clear: both; text-align: center;\">san fernando<\/div>\n<div style=\"clear: both; text-align: center;\">beira mar<\/div>\n<div style=\"clear: both; text-align: center;\">clave de f\u00e1<\/div>\n<div style=\"clear: both; text-align: center;\">promenade<\/div>\n<div style=\"clear: both; text-align: center;\">brilho<\/div>\n<div style=\"clear: both; text-align: center;\">fim de festa<\/div>\n<div style=\"clear: both; text-align: center;\">al\u00e9m do litoral<\/div>\n<div style=\"clear: both; text-align: center;\">os habitantes do cais<\/div>\n<div style=\"clear: both; text-align: center;\">rainha por um dia<\/div>\n<div style=\"clear: both; text-align: center;\">yemanj\u00e1<\/div>\n<div style=\"clear: both; text-align: center;\"><\/div>\n<div style=\"clear: both; text-align: center;\"><\/div>\n<p><span><\/span><span><\/span><\/p>\n","protected":false},"excerpt":{"rendered":"<p>Boa tarde, amigos cultos e ocultos! Hoje eu estou aqui meio que &#8216;de molho&#8217;, em casa, depois de ter passado por uma pequena cirurgia para extrair os meus dois \u00faltimos sisos indecisos, que ficaram para o final. Agora, podem acreditar, &hellip; <a href=\"https:\/\/www.toque-musicall.com\/?p=490\">Continue lendo <span class=\"meta-nav\">&rarr;<\/span><\/a><\/p>\n","protected":false},"author":1,"featured_media":0,"comment_status":"open","ping_status":"closed","sticky":false,"template":"","format":"standard","meta":{"footnotes":""},"categories":[773,25],"tags":[],"class_list":["post-490","post","type-post","status-publish","format-standard","hentry","category-cau-pimentel","category-selo-independente"],"_links":{"self":[{"href":"https:\/\/www.toque-musicall.com\/index.php?rest_route=\/wp\/v2\/posts\/490","targetHints":{"allow":["GET"]}}],"collection":[{"href":"https:\/\/www.toque-musicall.com\/index.php?rest_route=\/wp\/v2\/posts"}],"about":[{"href":"https:\/\/www.toque-musicall.com\/index.php?rest_route=\/wp\/v2\/types\/post"}],"author":[{"embeddable":true,"href":"https:\/\/www.toque-musicall.com\/index.php?rest_route=\/wp\/v2\/users\/1"}],"replies":[{"embeddable":true,"href":"https:\/\/www.toque-musicall.com\/index.php?rest_route=%2Fwp%2Fv2%2Fcomments&post=490"}],"version-history":[{"count":0,"href":"https:\/\/www.toque-musicall.com\/index.php?rest_route=\/wp\/v2\/posts\/490\/revisions"}],"wp:attachment":[{"href":"https:\/\/www.toque-musicall.com\/index.php?rest_route=%2Fwp%2Fv2%2Fmedia&parent=490"}],"wp:term":[{"taxonomy":"category","embeddable":true,"href":"https:\/\/www.toque-musicall.com\/index.php?rest_route=%2Fwp%2Fv2%2Fcategories&post=490"},{"taxonomy":"post_tag","embeddable":true,"href":"https:\/\/www.toque-musicall.com\/index.php?rest_route=%2Fwp%2Fv2%2Ftags&post=490"}],"curies":[{"name":"wp","href":"https:\/\/api.w.org\/{rel}","templated":true}]}}