{"id":4902,"date":"2015-05-01T14:13:27","date_gmt":"2015-05-01T17:13:27","guid":{"rendered":"http:\/\/www.toque-musicall.com\/?p=4902"},"modified":"2015-05-01T14:13:28","modified_gmt":"2015-05-01T17:13:28","slug":"marion-duarte-minha-cancao-pra-voce-2014","status":"publish","type":"post","link":"https:\/\/www.toque-musicall.com\/?p=4902","title":{"rendered":"Marion Duarte &#8211; Minha Can\u00e7\u00e3o Pra Voc\u00ea (2014)"},"content":{"rendered":"<p><img loading=\"lazy\" decoding=\"async\" class=\"aligncenter\" alt=\"\" src=\"http:\/\/3.bp.blogspot.com\/-EoZAwPndxR4\/VUOj80wFUcI\/AAAAAAAALdo\/wpm6TCgn41g\/s1600\/capap.JPG\" width=\"1000\" height=\"913\" \/><img loading=\"lazy\" decoding=\"async\" class=\"aligncenter\" alt=\"\" src=\"http:\/\/2.bp.blogspot.com\/-u6r0Q771IR8\/VUOj8xK5U_I\/AAAAAAAALdk\/IwAEUU1wXmA\/s1600\/contrap.JPG\" width=\"1000\" height=\"910\" \/>Aos amigos cultos e ocultos e a quem mais interessar&#8230; Hoje eu venho trazer para voc\u00eas um toque musical novo, mais exatamente um cd. Tenho o prazer de postar aqui o \u00faltimo trabalho da cantora Marion Duarte, que gentilmente e atenciosamente me deu esta honra de apresent\u00e1-lo aqui no nosso blog. Fiquei muito feliz por ela ter entrado em contato comigo, me agradecendo pela postagem de um outro disco dela. Conversamos demoradamente ao telefone. Ela me contou um pouco da sua trajet\u00f3ria e das dificuldades de se manter como artista num tempo onde, grandes e antigos nomes quase n\u00e3o s\u00e3o lembrados. De um tempo em que a m\u00fasica se tornou uma caricatura de si mesma e a ind\u00fastria musical uma f\u00e1brica de descart\u00e1veis. Dif\u00edcil se manter artista sem tentar acompanhar os modismos. Mas no caso de Marion podemos dizer que ela conseguiu se manter e at\u00e9 a se superar. Retornou a carreira com o mesmo vigor e at\u00e9 mais refinada. Neste trabalho, produ\u00e7\u00e3o independente, lan\u00e7ado no ano passado, ela conseguiu reunir talento e bom gosto. &#8220;Minha can\u00e7\u00e3o pr\u00e1 voc\u00ea&#8221; \u00e9 um cd muito bem feito, com um repert\u00f3rio variado, trazendo suas composi\u00e7\u00f5es em parcerias e can\u00e7\u00f5es de sucesso de Adelino Moreira, Noel Rosa, Pixinguinha, Luiz Vieira e outros. Ela vem acompanhada por m\u00fasicos de primeira e conta tamb\u00e9m com a participa\u00e7\u00e3o do Conjunto \u00c9poca de Ouro. Um belo disco que voc\u00eas precisam conhece<a href=\"http:\/\/depositfiles.org\/files\/vtshofvix\" target=\"_blank\">r<\/a>!<\/p>\n<div style=\"text-align: center;\">facho de luz<\/div>\n<div style=\"text-align: center;\">carinhoso<\/div>\n<div style=\"text-align: center;\">minha can\u00e7\u00e3o pra voc\u00ea<\/div>\n<div style=\"text-align: center;\">sou como as estrelas<\/div>\n<div style=\"text-align: center;\">guar\u00e2nia da saudade<\/div>\n<div style=\"text-align: center;\">conversa de botequim<\/div>\n<div style=\"text-align: center;\">s\u00e3o jorge guerreiro<\/div>\n<div style=\"text-align: center;\">vai<\/div>\n<div style=\"text-align: center;\">a lei do retorno<\/div>\n<div style=\"text-align: center;\">ainda ontem chorei de saudade<\/div>\n<div style=\"text-align: center;\">grandes mitos<\/div>\n<div style=\"text-align: center;\">moreno<\/div>\n<div style=\"text-align: center;\">\u00faltimo desejo<\/div>\n<div style=\"text-align: center;\">negue<\/div>\n<div style=\"text-align: center;\">valsa de uma cidade<\/div>\n<div style=\"text-align: center;\">sonho de natal<\/div>\n<div style=\"text-align: center;\"><\/div>\n<div style=\"text-align: center;\">.<\/div>\n","protected":false},"excerpt":{"rendered":"<p>Aos amigos cultos e ocultos e a quem mais interessar&#8230; Hoje eu venho trazer para voc\u00eas um toque musical novo, mais exatamente um cd. Tenho o prazer de postar aqui o \u00faltimo trabalho da cantora Marion Duarte, que gentilmente e &hellip; <a href=\"https:\/\/www.toque-musicall.com\/?p=4902\">Continue lendo <span class=\"meta-nav\">&rarr;<\/span><\/a><\/p>\n","protected":false},"author":1,"featured_media":0,"comment_status":"open","ping_status":"closed","sticky":false,"template":"","format":"standard","meta":{"footnotes":""},"categories":[2430,25],"tags":[],"class_list":["post-4902","post","type-post","status-publish","format-standard","hentry","category-marion-duarte","category-selo-independente"],"_links":{"self":[{"href":"https:\/\/www.toque-musicall.com\/index.php?rest_route=\/wp\/v2\/posts\/4902","targetHints":{"allow":["GET"]}}],"collection":[{"href":"https:\/\/www.toque-musicall.com\/index.php?rest_route=\/wp\/v2\/posts"}],"about":[{"href":"https:\/\/www.toque-musicall.com\/index.php?rest_route=\/wp\/v2\/types\/post"}],"author":[{"embeddable":true,"href":"https:\/\/www.toque-musicall.com\/index.php?rest_route=\/wp\/v2\/users\/1"}],"replies":[{"embeddable":true,"href":"https:\/\/www.toque-musicall.com\/index.php?rest_route=%2Fwp%2Fv2%2Fcomments&post=4902"}],"version-history":[{"count":1,"href":"https:\/\/www.toque-musicall.com\/index.php?rest_route=\/wp\/v2\/posts\/4902\/revisions"}],"predecessor-version":[{"id":4903,"href":"https:\/\/www.toque-musicall.com\/index.php?rest_route=\/wp\/v2\/posts\/4902\/revisions\/4903"}],"wp:attachment":[{"href":"https:\/\/www.toque-musicall.com\/index.php?rest_route=%2Fwp%2Fv2%2Fmedia&parent=4902"}],"wp:term":[{"taxonomy":"category","embeddable":true,"href":"https:\/\/www.toque-musicall.com\/index.php?rest_route=%2Fwp%2Fv2%2Fcategories&post=4902"},{"taxonomy":"post_tag","embeddable":true,"href":"https:\/\/www.toque-musicall.com\/index.php?rest_route=%2Fwp%2Fv2%2Ftags&post=4902"}],"curies":[{"name":"wp","href":"https:\/\/api.w.org\/{rel}","templated":true}]}}