{"id":4907,"date":"2015-05-03T12:16:11","date_gmt":"2015-05-03T15:16:11","guid":{"rendered":"http:\/\/www.toque-musicall.com\/?p=4907"},"modified":"2015-05-03T12:16:11","modified_gmt":"2015-05-03T15:16:11","slug":"jose-meneses-a-voz-do-violao-1957","status":"publish","type":"post","link":"https:\/\/www.toque-musicall.com\/?p=4907","title":{"rendered":"Jos\u00e9 Meneses &#8211; A Voz Do Viol\u00e3o (1957)"},"content":{"rendered":"<p><img loading=\"lazy\" decoding=\"async\" class=\"aligncenter\" alt=\"\" src=\"http:\/\/2.bp.blogspot.com\/-SBBdxd8xVAM\/VUY4DvCPGbI\/AAAAAAAALeY\/_c__ECFGmMY\/s1600\/capap.JPG\" width=\"1000\" height=\"977\" \/><img loading=\"lazy\" decoding=\"async\" class=\"aligncenter\" alt=\"\" src=\"http:\/\/1.bp.blogspot.com\/-J10ZTRg5e3A\/VUY4DuNZkyI\/AAAAAAAALec\/cbkD8Izbi74\/s1600\/contracapa%2Bp.JPG\" width=\"1000\" height=\"1003\" \/>A quem possa interessar&#8230; Hoje temos para os amigos cultos e ocultos um bel\u00edssimo trabalho. Disco de dez polegadas, lan\u00e7ado pelo selo Sinter, em 1957, apresentando o multinstrumentista das cordas, o grande cearense, Jos\u00e9 Menezes, tamb\u00e9m conhecido como Z\u00e9 Menezes, &#8216;um velhinho transviado&#8217;. Neste lp, como se pode ver pelo t\u00edtulo, trata-se de um momento \u00edntimo, solo&#8230; temos aqui o talento deste incr\u00edvel m\u00fasico ao viol\u00e3o, trazendo oito temas variados, nacionais e internacionais. Muito bom!<br \/>\nInfelizmente, o disco que tenho est\u00e1 com algumas faixas em estado deplor\u00e1vel. Por\u00e9m, encontrei na rede o mesmo disco e aqui completo o que faltav<a href=\"http:\/\/depositfiles.org\/files\/x6ngj3kvc\" target=\"_blank\">a<\/a>.<\/p>\n<div style=\"text-align: center;\">malaguena<\/div>\n<div style=\"text-align: center;\">un peu d&#8217;amour<\/div>\n<div style=\"text-align: center;\">mafua<\/div>\n<div style=\"text-align: center;\">a voz do vio\u00e3o<\/div>\n<div style=\"text-align: center;\">ponciana<\/div>\n<div style=\"text-align: center;\">motivos brasileiros<\/div>\n<div style=\"text-align: center;\">mi oracion<\/div>\n<div style=\"text-align: center;\">brejeiro<\/div>\n<div style=\"text-align: center;\"><\/div>\n<div style=\"text-align: center;\">.<\/div>\n<p style=\"text-align: center;\">\n","protected":false},"excerpt":{"rendered":"<p>A quem possa interessar&#8230; Hoje temos para os amigos cultos e ocultos um bel\u00edssimo trabalho. Disco de dez polegadas, lan\u00e7ado pelo selo Sinter, em 1957, apresentando o multinstrumentista das cordas, o grande cearense, Jos\u00e9 Menezes, tamb\u00e9m conhecido como Z\u00e9 Menezes, &hellip; <a href=\"https:\/\/www.toque-musicall.com\/?p=4907\">Continue lendo <span class=\"meta-nav\">&rarr;<\/span><\/a><\/p>\n","protected":false},"author":1,"featured_media":0,"comment_status":"open","ping_status":"closed","sticky":false,"template":"","format":"standard","meta":{"footnotes":""},"categories":[72,261],"tags":[],"class_list":["post-4907","post","type-post","status-publish","format-standard","hentry","category-jose-menezes","category-selo-sinter"],"_links":{"self":[{"href":"https:\/\/www.toque-musicall.com\/index.php?rest_route=\/wp\/v2\/posts\/4907","targetHints":{"allow":["GET"]}}],"collection":[{"href":"https:\/\/www.toque-musicall.com\/index.php?rest_route=\/wp\/v2\/posts"}],"about":[{"href":"https:\/\/www.toque-musicall.com\/index.php?rest_route=\/wp\/v2\/types\/post"}],"author":[{"embeddable":true,"href":"https:\/\/www.toque-musicall.com\/index.php?rest_route=\/wp\/v2\/users\/1"}],"replies":[{"embeddable":true,"href":"https:\/\/www.toque-musicall.com\/index.php?rest_route=%2Fwp%2Fv2%2Fcomments&post=4907"}],"version-history":[{"count":1,"href":"https:\/\/www.toque-musicall.com\/index.php?rest_route=\/wp\/v2\/posts\/4907\/revisions"}],"predecessor-version":[{"id":4908,"href":"https:\/\/www.toque-musicall.com\/index.php?rest_route=\/wp\/v2\/posts\/4907\/revisions\/4908"}],"wp:attachment":[{"href":"https:\/\/www.toque-musicall.com\/index.php?rest_route=%2Fwp%2Fv2%2Fmedia&parent=4907"}],"wp:term":[{"taxonomy":"category","embeddable":true,"href":"https:\/\/www.toque-musicall.com\/index.php?rest_route=%2Fwp%2Fv2%2Fcategories&post=4907"},{"taxonomy":"post_tag","embeddable":true,"href":"https:\/\/www.toque-musicall.com\/index.php?rest_route=%2Fwp%2Fv2%2Ftags&post=4907"}],"curies":[{"name":"wp","href":"https:\/\/api.w.org\/{rel}","templated":true}]}}