{"id":4909,"date":"2015-05-06T07:10:44","date_gmt":"2015-05-06T10:10:44","guid":{"rendered":"http:\/\/www.toque-musicall.com\/?p=4909"},"modified":"2015-05-06T07:20:13","modified_gmt":"2015-05-06T10:20:13","slug":"trio-cristal-canta-o-trio-cristal-1961","status":"publish","type":"post","link":"https:\/\/www.toque-musicall.com\/?p=4909","title":{"rendered":"Trio Cristal &#8211; Canta O Trio Cristal (1961)"},"content":{"rendered":"<p><img loading=\"lazy\" decoding=\"async\" class=\"aligncenter\" alt=\"\" src=\"http:\/\/1.bp.blogspot.com\/-TO2cSNN6fvs\/VUnljnDPIFI\/AAAAAAAALe4\/HP6lz0ZCPGI\/s1600\/capap.JPG\" width=\"1000\" height=\"1020\" \/><img loading=\"lazy\" decoding=\"async\" class=\"aligncenter\" alt=\"\" src=\"http:\/\/1.bp.blogspot.com\/-tnEwTXjOPkk\/VUnljtiiFVI\/AAAAAAAALe0\/iU0uIcdj14A\/s1600\/contrap.JPG\" width=\"1000\" height=\"1015\" \/>O Trio Cristal surgiu em S\u00e3o Paulo, por volta de 1955, e seus integrantes eram paraguaios radicados em territ\u00f3rio brazuca: o maestro, arranjador e compositor Alberto M\u00e1ximo Casanova, seu fundador, mais Tito Salinas e \u00c1ngel Quintana. Seu primeiro disco saiu em setembro de 1960 pela RGE de Jos\u00e9 Scatena, um 78 rpm com o bolero \u201cNuestro juramento\u201d (Benito de Jesus) e a guar\u00e2nia \u201cCuruzu ver\u00e1\u201d (Am\u00e9rico Cabrera e Rubem de Oliveira), logo alcan\u00e7ando \u00eaxito, e a eles garantindo o Trof\u00e9u Chico Viola, das Emissoras Unidas (R\u00e1dio e Televis\u00e3o Record). As duas m\u00fasicas tamb\u00e9m est\u00e3o neste primeiro LP do trio. Gra\u00e7as \u00e0 sua qualidade vocal e interpretativa, o Trio Cristal logo conquistou a simpatia,o carinho e a admira\u00e7\u00e3o dos brasileiros, sendo at\u00e9 comparado ao Trio Los Panchos (de origem mexicana). Com este \u00e1lbum, que inclui at\u00e9 um merengue (\u201cLa pachanga\u201d, que exigiu o refor\u00e7o de um naipe de metais), um ch\u00e1-ch\u00e1-ch\u00e1 (\u201cBotecito de vela\u201d) e, claro, outros grandes boleros (\u201cEncadenados\u201d, do mexicano Agust\u00edn Lara, e \u201cAmargo retorno\u201d, de Julio Jaramillo,por exemplo), o grupo ficou um bom tempo nas paradas de sucesso, firmando-se como aut\u00eanticos embaixadores da m\u00fasica paraguaia no Brasil.\u00a0Depois deste primeiro \u00e1lbum, claro, viria muito mais, e, ao longo dos anos, no anseio de perdurar no tempo, o Trio Cristal se caracterizou pela constante inova\u00e7\u00e3o de sua capacidade musical e vocal, contratando de tempos em tempos os melhores m\u00fasicos e int\u00e9rpretes do g\u00eanero rom\u00e2ntico para adapta\u00e7\u00e3o ao tempo e renova\u00e7\u00e3o de repert\u00f3rio, tendo portanto in\u00fameras outras forma\u00e7\u00f5es. Os derradeiros registros do grupo aconteceram por volta de 1980, incluindo algumas composi\u00e7\u00f5es in\u00e9ditas de seu fundador, Alberto M\u00e1ximo Casanova, que registrou em seu nome a marca Trio Cristal. Mas, para o pr\u00f3prio Alberto, esse fato n\u00e3o tem l\u00e1 muita import\u00e2ncia, pois seu nome est\u00e1 mais do que registrado no estilo, introdu\u00e7\u00f5es e arranjos vocais presentes em todas as grava\u00e7\u00f5es hist\u00f3ricas do grupo. Portanto, eis aqui o primeiro LP do Trio Cristal, para alegria de todos os adeptos da boa m\u00fasica latino-americana. Ou\u00e7am e se emocione<a href=\"http:\/\/depositfiles.org\/files\/d1wuip21x\" target=\"_blank\">m<\/a>&#8230;<\/p>\n<div><\/div>\n<div style=\"text-align: center;\">la pachanga<\/div>\n<div style=\"text-align: center;\">amargo retorno<\/div>\n<div style=\"text-align: center;\">interrogacion<\/div>\n<div style=\"text-align: center;\">malvada<\/div>\n<div style=\"text-align: center;\">mi loucura<\/div>\n<div style=\"text-align: center;\">nuestro juramento<\/div>\n<div style=\"text-align: center;\">en un bote de vela<\/div>\n<div style=\"text-align: center;\">encadenados<\/div>\n<div style=\"text-align: center;\">buenas noches<\/div>\n<div style=\"text-align: center;\">en mi delirio<\/div>\n<div style=\"text-align: center;\">ensue\u00f1o de claro lunar<\/div>\n<div style=\"text-align: center;\">curuzu vera<\/div>\n<div><\/div>\n<div>*Texto de Samuel Machado Filho<\/div>\n<p>&nbsp;<\/p>\n","protected":false},"excerpt":{"rendered":"<p>O Trio Cristal surgiu em S\u00e3o Paulo, por volta de 1955, e seus integrantes eram paraguaios radicados em territ\u00f3rio brazuca: o maestro, arranjador e compositor Alberto M\u00e1ximo Casanova, seu fundador, mais Tito Salinas e \u00c1ngel Quintana. Seu primeiro disco saiu &hellip; <a href=\"https:\/\/www.toque-musicall.com\/?p=4909\">Continue lendo <span class=\"meta-nav\">&rarr;<\/span><\/a><\/p>\n","protected":false},"author":1,"featured_media":0,"comment_status":"open","ping_status":"closed","sticky":false,"template":"","format":"standard","meta":{"footnotes":""},"categories":[153,2554],"tags":[],"class_list":["post-4909","post","type-post","status-publish","format-standard","hentry","category-selo-rge","category-trio-cristal"],"_links":{"self":[{"href":"https:\/\/www.toque-musicall.com\/index.php?rest_route=\/wp\/v2\/posts\/4909","targetHints":{"allow":["GET"]}}],"collection":[{"href":"https:\/\/www.toque-musicall.com\/index.php?rest_route=\/wp\/v2\/posts"}],"about":[{"href":"https:\/\/www.toque-musicall.com\/index.php?rest_route=\/wp\/v2\/types\/post"}],"author":[{"embeddable":true,"href":"https:\/\/www.toque-musicall.com\/index.php?rest_route=\/wp\/v2\/users\/1"}],"replies":[{"embeddable":true,"href":"https:\/\/www.toque-musicall.com\/index.php?rest_route=%2Fwp%2Fv2%2Fcomments&post=4909"}],"version-history":[{"count":2,"href":"https:\/\/www.toque-musicall.com\/index.php?rest_route=\/wp\/v2\/posts\/4909\/revisions"}],"predecessor-version":[{"id":4911,"href":"https:\/\/www.toque-musicall.com\/index.php?rest_route=\/wp\/v2\/posts\/4909\/revisions\/4911"}],"wp:attachment":[{"href":"https:\/\/www.toque-musicall.com\/index.php?rest_route=%2Fwp%2Fv2%2Fmedia&parent=4909"}],"wp:term":[{"taxonomy":"category","embeddable":true,"href":"https:\/\/www.toque-musicall.com\/index.php?rest_route=%2Fwp%2Fv2%2Fcategories&post=4909"},{"taxonomy":"post_tag","embeddable":true,"href":"https:\/\/www.toque-musicall.com\/index.php?rest_route=%2Fwp%2Fv2%2Ftags&post=4909"}],"curies":[{"name":"wp","href":"https:\/\/api.w.org\/{rel}","templated":true}]}}