{"id":4912,"date":"2015-05-09T18:23:40","date_gmt":"2015-05-09T21:23:40","guid":{"rendered":"http:\/\/www.toque-musicall.com\/?p=4912"},"modified":"2015-05-09T18:23:40","modified_gmt":"2015-05-09T21:23:40","slug":"simonetti-e-disco-que-eu-gosto-n-2-1959","status":"publish","type":"post","link":"https:\/\/www.toque-musicall.com\/?p=4912","title":{"rendered":"Simonetti &#8211; \u00c9 Disco Que Eu Gosto N. 2 (1959)"},"content":{"rendered":"<p><img loading=\"lazy\" decoding=\"async\" class=\"aligncenter\" alt=\"\" src=\"http:\/\/2.bp.blogspot.com\/-xpSwjPEXaRI\/VU4BwcKo5jI\/AAAAAAAALfc\/a0B6aIx1fjM\/s640\/capap.JPG\" width=\"640\" height=\"634\" \/><img loading=\"lazy\" decoding=\"async\" class=\"aligncenter\" alt=\"\" src=\"http:\/\/3.bp.blogspot.com\/-sA_mS8epTRE\/VU4B41BU_kI\/AAAAAAAALfs\/KoZwWD5c5qs\/s640\/contrap.JPG\" width=\"639\" height=\"640\" \/>A quem possa interessar&#8230; Segue aqui o prometido, o volume 2 do &#8220;\u00c9 disco que eu gosto&#8221;, do maestro Enrico Simonetti com a Orquestra da RGE. Sem d\u00favida, um disco t\u00e3o bom quanto o primeiro volume. Ali\u00e1s, quando a coisa d\u00e1 certo, o neg\u00f3cio \u00e9 repetir a dose. Fizeram para este segundo volume uma sele\u00e7\u00e3o de repert\u00f3rio no mesmo n\u00edvel, mesclando temas nacionais e internacionais, com \u00eanfase no bolero. Muito bom! Se voc\u00ea ainda n\u00e3o viu esse em outras fontes, aproveita pois o tempo \u00e9 limitad<a href=\"http:\/\/depositfiles.org\/files\/z3mn627wa\" target=\"_blank\">o<\/a>!<\/p>\n<div style=\"text-align: center;\">na baixa do sapateiro<\/div>\n<div style=\"text-align: center;\">piove<\/div>\n<div style=\"text-align: center;\">all the way<\/div>\n<div style=\"text-align: center;\">smoke gets in your eyes<\/div>\n<div style=\"text-align: center;\">swedish rhapsody<\/div>\n<div style=\"text-align: center;\">cai cai<\/div>\n<div style=\"text-align: center;\">madureira chorou<\/div>\n<div style=\"text-align: center;\">i&#8217;ve got you under my skin<\/div>\n<div style=\"text-align: center;\">danse avec moi<\/div>\n<div style=\"text-align: center;\">carioca<\/div>\n<div style=\"text-align: center;\">at the end<\/div>\n<div style=\"text-align: center;\">en el mar<\/div>\n<div style=\"text-align: center;\"><\/div>\n<div style=\"text-align: center;\">.<\/div>\n","protected":false},"excerpt":{"rendered":"<p>A quem possa interessar&#8230; Segue aqui o prometido, o volume 2 do &#8220;\u00c9 disco que eu gosto&#8221;, do maestro Enrico Simonetti com a Orquestra da RGE. Sem d\u00favida, um disco t\u00e3o bom quanto o primeiro volume. Ali\u00e1s, quando a coisa &hellip; <a href=\"https:\/\/www.toque-musicall.com\/?p=4912\">Continue lendo <span class=\"meta-nav\">&rarr;<\/span><\/a><\/p>\n","protected":false},"author":1,"featured_media":0,"comment_status":"open","ping_status":"closed","sticky":false,"template":"","format":"standard","meta":{"footnotes":""},"categories":[153,640],"tags":[],"class_list":["post-4912","post","type-post","status-publish","format-standard","hentry","category-selo-rge","category-simonetti"],"_links":{"self":[{"href":"https:\/\/www.toque-musicall.com\/index.php?rest_route=\/wp\/v2\/posts\/4912","targetHints":{"allow":["GET"]}}],"collection":[{"href":"https:\/\/www.toque-musicall.com\/index.php?rest_route=\/wp\/v2\/posts"}],"about":[{"href":"https:\/\/www.toque-musicall.com\/index.php?rest_route=\/wp\/v2\/types\/post"}],"author":[{"embeddable":true,"href":"https:\/\/www.toque-musicall.com\/index.php?rest_route=\/wp\/v2\/users\/1"}],"replies":[{"embeddable":true,"href":"https:\/\/www.toque-musicall.com\/index.php?rest_route=%2Fwp%2Fv2%2Fcomments&post=4912"}],"version-history":[{"count":1,"href":"https:\/\/www.toque-musicall.com\/index.php?rest_route=\/wp\/v2\/posts\/4912\/revisions"}],"predecessor-version":[{"id":4913,"href":"https:\/\/www.toque-musicall.com\/index.php?rest_route=\/wp\/v2\/posts\/4912\/revisions\/4913"}],"wp:attachment":[{"href":"https:\/\/www.toque-musicall.com\/index.php?rest_route=%2Fwp%2Fv2%2Fmedia&parent=4912"}],"wp:term":[{"taxonomy":"category","embeddable":true,"href":"https:\/\/www.toque-musicall.com\/index.php?rest_route=%2Fwp%2Fv2%2Fcategories&post=4912"},{"taxonomy":"post_tag","embeddable":true,"href":"https:\/\/www.toque-musicall.com\/index.php?rest_route=%2Fwp%2Fv2%2Ftags&post=4912"}],"curies":[{"name":"wp","href":"https:\/\/api.w.org\/{rel}","templated":true}]}}