{"id":4914,"date":"2015-05-10T14:48:39","date_gmt":"2015-05-10T17:48:39","guid":{"rendered":"http:\/\/www.toque-musicall.com\/?p=4914"},"modified":"2015-05-10T15:10:09","modified_gmt":"2015-05-10T18:10:09","slug":"maes-uma-coletanea-de-maes-do-toque-musical-2015","status":"publish","type":"post","link":"https:\/\/www.toque-musicall.com\/?p=4914","title":{"rendered":"M\u00e3e &#8211; Uma Colet\u00e2nea De M\u00e3es Do Toque Musical (2015)"},"content":{"rendered":"<p><img loading=\"lazy\" decoding=\"async\" class=\"aligncenter\" alt=\"\" src=\"http:\/\/3.bp.blogspot.com\/-VzBPNF9MyCA\/VU-S0lDd59I\/AAAAAAAALgc\/2btD0Vq-ObE\/s640\/CAPAp.JPG\" width=\"640\" height=\"640\" \/><img loading=\"lazy\" decoding=\"async\" class=\"aligncenter\" alt=\"\" src=\"http:\/\/1.bp.blogspot.com\/-6viLQ1nv2uI\/VU-S0nXmFEI\/AAAAAAAALgY\/mSSSsrNQtnw\/s640\/contraCAPAp.JPG\" width=\"640\" height=\"640\" \/>Aos filhos que possam interessar&#8230; Segue aqui uma sele\u00e7\u00e3o de m\u00e3es t\u00e3o variadas quanto o pr\u00f3prio Toque Musical. Mais que uma homenagem, pois para mim, m\u00e3e \u00e9 todo dia. E a gente s\u00f3 percebe isso depois que ele j\u00e1 se foi. Sinto saudade das minhas. Eu tive duas! Se foi sorte por um lado, por outro a tristeza e saudade s\u00e3o dobrados. Mas quando olho para tr\u00e1s, vejo que tive l\u00e1 muito sorte.<br \/>\nVai assim esta sele\u00e7\u00e3o po\u00e9tica e musical que faz parte de muitos dos discos postados aqui. Parab\u00e9ns as mam\u00e3e<a href=\"http:\/\/depositfiles.org\/files\/reen03fzj\" target=\"_blank\">s<\/a>!<\/p>\n<div style=\"text-align: center;\">minha m\u00e3e &#8211; dalva de oliveira e anisio silva<\/div>\n<div style=\"text-align: center;\">minha m\u00e3e, minha estrela &#8211; dalva de oliveira<\/div>\n<div style=\"text-align: center;\">minha m\u00e3e \u00e9 mais bonita &#8211; angela maria<\/div>\n<div style=\"text-align: center;\">amor de m\u00e3e &#8211; maria creuza<\/div>\n<div style=\"text-align: center;\">poema para a minha m\u00e3e &#8211; babi de oliveira<\/div>\n<div style=\"text-align: center;\">amor de m\u00e3e &#8211; jamel\u00e3o<\/div>\n<div style=\"text-align: center;\">minha m\u00e3e &#8211; \u00e1lvaro moreyra<\/div>\n<div style=\"text-align: center;\">doce m\u00e3ezinha &#8211; nora ney<\/div>\n<div style=\"text-align: center;\">can\u00e7\u00e3o da minha m\u00e3e &#8211; aniso silva<\/div>\n<div style=\"text-align: center;\">caquinho de m\u00e3e &#8211; siluca<\/div>\n<div style=\"text-align: center;\">m\u00e3e &#8211; sergio ricardo<\/div>\n<div style=\"text-align: center;\">cad\u00ea minha m\u00e3e &#8211; ary lobo<\/div>\n<div style=\"text-align: center;\">minha m\u00e3ezinha &#8211; angela ro ro<\/div>\n<div style=\"text-align: center;\">cora\u00e7\u00e3o de m\u00e3e &#8211; jorge goulart<\/div>\n<div style=\"text-align: center;\">m\u00e3e maria &#8211; jos\u00e9 dias<\/div>\n<div style=\"text-align: center;\">m\u00e3e \u00e9 sempre m\u00e3e &#8211; bezerra da silva<\/div>\n<div style=\"text-align: center;\">m\u00e3ei\u00ea &#8211; osvaldo nunes e the pops<\/div>\n<div style=\"text-align: center;\">saudades da minha m\u00e3ezinha &#8211; de moraes e doquinha<\/div>\n<div style=\"text-align: center;\">dia das m\u00e3es &#8211; elza laranjeira<\/div>\n<div style=\"text-align: center;\">amor de m\u00e3e &#8211; vadico e vidoco<\/div>\n<div style=\"text-align: center;\">mulher valente \u00e9 minha m\u00e3e &#8211; jo\u00e3o nogueira<\/div>\n<div style=\"text-align: center;\">m\u00e3e sempre m\u00e3e &#8211; tonico e tinoco<\/div>\n<div style=\"text-align: center;\">amor de m\u00e3e &#8211; mark morawski<\/div>\n<div style=\"text-align: center;\">minha m\u00e3e, minha vida &#8211; maris de oliveira<\/div>\n<div style=\"text-align: center;\">adeus m\u00e3ezinha &#8211; durval e davi<\/div>\n<div style=\"text-align: center;\">obrigado m\u00e3e &#8211; angela maria e agnaldo tim\u00f3teo<\/div>\n<div style=\"text-align: center;\">\u00e9 m\u00e3e &#8211; vital farias<\/div>\n<div style=\"text-align: center;\">dia das m\u00e3es &#8211; paulo gracindo<\/div>\n<div style=\"text-align: center;\">m\u00e3e solteira &#8211; jackson do pandeiro<\/div>\n<div style=\"text-align: center;\">can\u00e7\u00e3o das m\u00e3es pretas &#8211; lia salgado<\/div>\n<div style=\"text-align: center;\">ser m\u00e3e &#8211; jos\u00e9 le\u00e3o<\/div>\n<div style=\"text-align: center;\">m\u00e3es &#8211; fernanda montenegro<\/div>\n<div style=\"text-align: center;\"><\/div>\n<div style=\"text-align: center;\">.<\/div>\n<div style=\"text-align: center;\"><\/div>\n<div style=\"text-align: center;\"><\/div>\n<div style=\"text-align: center;\"><\/div>\n<div style=\"text-align: center;\"><\/div>\n<div style=\"text-align: center;\"><\/div>\n<div style=\"text-align: center;\"><\/div>\n<div><\/div>\n<div><\/div>\n<div><\/div>\n<div><\/div>\n<div><\/div>\n<div><\/div>\n<div><\/div>\n<div><\/div>\n<div><\/div>\n<div><\/div>\n<div><\/div>\n<div><\/div>\n<div><\/div>\n<div><\/div>\n<div><\/div>\n<div><\/div>\n<div><\/div>\n<div><\/div>\n<div><\/div>\n<div><\/div>\n<div><\/div>\n<div><\/div>\n<div><\/div>\n<div><\/div>\n<div><\/div>\n<div><\/div>\n<div><\/div>\n<div><\/div>\n<div><\/div>\n<div><\/div>\n<div><\/div>\n<div><\/div>\n<div><\/div>\n<div><\/div>\n<div><\/div>\n<div><\/div>\n<div><\/div>\n<div><\/div>\n<div><\/div>\n<div><\/div>\n<div><\/div>\n","protected":false},"excerpt":{"rendered":"<p>Aos filhos que possam interessar&#8230; Segue aqui uma sele\u00e7\u00e3o de m\u00e3es t\u00e3o variadas quanto o pr\u00f3prio Toque Musical. Mais que uma homenagem, pois para mim, m\u00e3e \u00e9 todo dia. E a gente s\u00f3 percebe isso depois que ele j\u00e1 se &hellip; <a href=\"https:\/\/www.toque-musicall.com\/?p=4914\">Continue lendo <span class=\"meta-nav\">&rarr;<\/span><\/a><\/p>\n","protected":false},"author":1,"featured_media":0,"comment_status":"open","ping_status":"closed","sticky":false,"template":"","format":"standard","meta":{"footnotes":""},"categories":[64,2555,11],"tags":[],"class_list":["post-4914","post","type-post","status-publish","format-standard","hentry","category-coletanea","category-coletanea-mae","category-exclusivos-do-toque-musical"],"_links":{"self":[{"href":"https:\/\/www.toque-musicall.com\/index.php?rest_route=\/wp\/v2\/posts\/4914","targetHints":{"allow":["GET"]}}],"collection":[{"href":"https:\/\/www.toque-musicall.com\/index.php?rest_route=\/wp\/v2\/posts"}],"about":[{"href":"https:\/\/www.toque-musicall.com\/index.php?rest_route=\/wp\/v2\/types\/post"}],"author":[{"embeddable":true,"href":"https:\/\/www.toque-musicall.com\/index.php?rest_route=\/wp\/v2\/users\/1"}],"replies":[{"embeddable":true,"href":"https:\/\/www.toque-musicall.com\/index.php?rest_route=%2Fwp%2Fv2%2Fcomments&post=4914"}],"version-history":[{"count":3,"href":"https:\/\/www.toque-musicall.com\/index.php?rest_route=\/wp\/v2\/posts\/4914\/revisions"}],"predecessor-version":[{"id":4917,"href":"https:\/\/www.toque-musicall.com\/index.php?rest_route=\/wp\/v2\/posts\/4914\/revisions\/4917"}],"wp:attachment":[{"href":"https:\/\/www.toque-musicall.com\/index.php?rest_route=%2Fwp%2Fv2%2Fmedia&parent=4914"}],"wp:term":[{"taxonomy":"category","embeddable":true,"href":"https:\/\/www.toque-musicall.com\/index.php?rest_route=%2Fwp%2Fv2%2Fcategories&post=4914"},{"taxonomy":"post_tag","embeddable":true,"href":"https:\/\/www.toque-musicall.com\/index.php?rest_route=%2Fwp%2Fv2%2Ftags&post=4914"}],"curies":[{"name":"wp","href":"https:\/\/api.w.org\/{rel}","templated":true}]}}