{"id":492,"date":"2011-04-13T10:44:00","date_gmt":"2011-04-13T10:44:00","guid":{"rendered":"http:\/\/www.toque-musicall.com\/?p=492"},"modified":"2011-04-13T10:44:00","modified_gmt":"2011-04-13T10:44:00","slug":"raul-de-barros-com-seu-trombone-romantico-1955","status":"publish","type":"post","link":"https:\/\/www.toque-musicall.com\/?p=492","title":{"rendered":"Raul de Barros &#8211; Com Seu Trombone Rom\u00e2ntico (1955)"},"content":{"rendered":"<div style=\"clear: both; text-align: center;\"><a href=\"http:\/\/2.bp.blogspot.com\/-TahU9Jp8u3c\/TaV1FzxUfKI\/AAAAAAAAH7Q\/zb9lPE9q11Y\/s1600\/raul+de+barros+P.JPG\" style=\"margin-left: 1em; margin-right: 1em;\"><img loading=\"lazy\" decoding=\"async\" border=\"0\" height=\"400\" src=\"http:\/\/2.bp.blogspot.com\/-TahU9Jp8u3c\/TaV1FzxUfKI\/AAAAAAAAH7Q\/zb9lPE9q11Y\/s400\/raul+de+barros+P.JPG\" width=\"392\" \/><\/a><\/div>\n<p>Bom dia, amigos cultos e ocultos! Bem rapidinho, pois quem sabe faz a hora e n\u00e3o espera acontecer.<br \/>Hoje vamos com o Raul de Barros, considerado o mais brasileiro dos nossos trombonistas, autor do c\u00e9lebre samba choro &#8220;Na Gl\u00f3ria&#8221;. Foi um dos mais impotantes no seu instrumento. Gravou dezenas de discos e participou de mais uma centena. Seu trombone tocou alto na gafieira, a ponto de se tornar um instrumento fundamental em qualquer casa de baile do g\u00eanero. Gafieira sem trombone, n\u00e3o era mais gafieira.<br \/>Tenho aqui este \u00e1lbum de dez polegadas. Mais um dos que eu comprei na m\u00e3o do catador de papel\u00e3o. Lan\u00e7ado em 1955 pelo selo Odeon, Raul nos apresenta um repert\u00f3rio com oito temas rom\u00e2nticos e populares. De um lado m\u00fasicas nacionais, choros e samba, inclu\u00edndo de sua autoria a faixa &#8220;Melodia Celestial&#8221;. Do outro lado dedicado ao internacional em ritmo de fox. Confiram&#8230;<\/p>\n<div style=\"text-align: center;\">ai yoyo (linda flor)<\/div>\n<div style=\"text-align: center;\">melodia celestial<\/div>\n<div style=\"text-align: center;\">vamos com calma<\/div>\n<div style=\"text-align: center;\">voltei ao meu lugar<\/div>\n<div style=\"text-align: center;\">poema (de fibisch)<\/div>\n<div style=\"text-align: center;\">please<\/div>\n<div style=\"text-align: center;\">i&#8217;d never forgive myself<\/div>\n<div style=\"text-align: center;\">intermezzo (de provost)<\/div>\n<div style=\"text-align: center;\"><\/div>\n<div style=\"text-align: center;\"><\/div>\n","protected":false},"excerpt":{"rendered":"<p>Bom dia, amigos cultos e ocultos! Bem rapidinho, pois quem sabe faz a hora e n\u00e3o espera acontecer.Hoje vamos com o Raul de Barros, considerado o mais brasileiro dos nossos trombonistas, autor do c\u00e9lebre samba choro &#8220;Na Gl\u00f3ria&#8221;. Foi um &hellip; <a href=\"https:\/\/www.toque-musicall.com\/?p=492\">Continue lendo <span class=\"meta-nav\">&rarr;<\/span><\/a><\/p>\n","protected":false},"author":1,"featured_media":0,"comment_status":"open","ping_status":"closed","sticky":false,"template":"","format":"standard","meta":{"footnotes":""},"categories":[219,86],"tags":[],"class_list":["post-492","post","type-post","status-publish","format-standard","hentry","category-raul-de-barros","category-selo-odeon"],"_links":{"self":[{"href":"https:\/\/www.toque-musicall.com\/index.php?rest_route=\/wp\/v2\/posts\/492","targetHints":{"allow":["GET"]}}],"collection":[{"href":"https:\/\/www.toque-musicall.com\/index.php?rest_route=\/wp\/v2\/posts"}],"about":[{"href":"https:\/\/www.toque-musicall.com\/index.php?rest_route=\/wp\/v2\/types\/post"}],"author":[{"embeddable":true,"href":"https:\/\/www.toque-musicall.com\/index.php?rest_route=\/wp\/v2\/users\/1"}],"replies":[{"embeddable":true,"href":"https:\/\/www.toque-musicall.com\/index.php?rest_route=%2Fwp%2Fv2%2Fcomments&post=492"}],"version-history":[{"count":0,"href":"https:\/\/www.toque-musicall.com\/index.php?rest_route=\/wp\/v2\/posts\/492\/revisions"}],"wp:attachment":[{"href":"https:\/\/www.toque-musicall.com\/index.php?rest_route=%2Fwp%2Fv2%2Fmedia&parent=492"}],"wp:term":[{"taxonomy":"category","embeddable":true,"href":"https:\/\/www.toque-musicall.com\/index.php?rest_route=%2Fwp%2Fv2%2Fcategories&post=492"},{"taxonomy":"post_tag","embeddable":true,"href":"https:\/\/www.toque-musicall.com\/index.php?rest_route=%2Fwp%2Fv2%2Ftags&post=492"}],"curies":[{"name":"wp","href":"https:\/\/api.w.org\/{rel}","templated":true}]}}