{"id":494,"date":"2011-04-11T09:21:00","date_gmt":"2011-04-11T09:21:00","guid":{"rendered":"http:\/\/www.toque-musicall.com\/?p=494"},"modified":"2011-04-11T09:21:00","modified_gmt":"2011-04-11T09:21:00","slug":"baden-powell-stephane-grappelli-la-grande-reunion-1974","status":"publish","type":"post","link":"https:\/\/www.toque-musicall.com\/?p=494","title":{"rendered":"Baden Powell &#038; Stephane Grappelli &#8211; La Grande Reunion (1974)"},"content":{"rendered":"<p><a href=\"http:\/\/4.bp.blogspot.com\/-nendqkpJxBw\/TaLIyYPyBbI\/AAAAAAAAH68\/kxgiKYMajkM\/s1600\/baden+P.JPG\"><img decoding=\"async\" style=\"display:block; margin:0px auto 10px; text-align:center;cursor:pointer; cursor:hand;width: 400px; height: 392px;\" src=\"http:\/\/4.bp.blogspot.com\/-nendqkpJxBw\/TaLIyYPyBbI\/AAAAAAAAH68\/kxgiKYMajkM\/s400\/baden+P.JPG\" border=\"0\" alt=\"\" id=\"BLOGGER_PHOTO_ID_5594254454975235506\" \/><\/a>Bom dia amigos cultos e ocultos! A semana aqui para o meu lado continua quente e em todos os sentidos. Muita coisa boa para postar, mas tamb\u00e9m muitas outras com que me preocupar. Abril, normalmente \u00e9 um m\u00eas atarefado e eu peno para n\u00e3o ficar para tr\u00e1s. Mas sem m\u00fasica di\u00e1ria eu n\u00e3o aguento, preciso dela para ado\u00e7ar a vida e acalmar meu esp\u00edrito. <\/p>\n<div>Por falar em ado\u00e7ar e acalmar, eis aqui um bom paliativo como poucos. Um lp auto astral, com todas as qualidades necess\u00e1rias para fazer da segunda feira um dia feliz. Vamos hoje conferir outro disco com o nosso grande Baden Powell. Desta vez ele vem acompanhado pelo violinista franco italiano Stephane Grappelli, um dos grandes nomes do jazz europeu. &#8220;La Grande Reunion&#8221; foi gravado em Paris, em 1974 e lan\u00e7ado pelo selo franc\u00eas, Festival. No Brasil o disco foi editado, masi ou menos na mesma \u00e9poca, pelo selo Imagem, de Jonas Silva, um dos &#8216;garoto da lua&#8217; que veio a ser substitu\u00eddo por Jo\u00e3o Gilberto (um dia ainda quero falar sobre o Jonas e suas aventuras fonogr\u00e1ficas). O certo \u00e9 que este \u00e1lbum marca o encontro de Baden com Grappelli, num trabalho de grava\u00e7\u00e3o feito em apenas dois dias. O disco traz um repert\u00f3rio essencialmente de Bossa Nova, ou exclusivamente de m\u00fasica brasileira. O violino e o estilo de Grappelli s\u00e3o muito pr\u00f3prios e de uma certa forma, domina toda a grava\u00e7\u00e3o. Bem porque, ele aqui \u00e9 quem &#8216;entra de sola&#8217;, Baden fica mais na marca\u00e7\u00e3o. Mas sem ele para abrir o caminho, dificilmente Grappelli e sua turma -formada por Guy Pedersen no contrabaixo, Pierre Alain Dahan na bateria e Cl\u00e9ment de Waleyne na percuss\u00e3o &#8211; chegariam a esse resultado. Ah, \u00e9 bom lembrar tamb\u00e9m da participa\u00e7\u00e3o de Jorge Rezende, que ao lado do grupo, ajuda no tempero da percuss\u00e3o brasileira. Ta\u00ed um \u00e1lbum muito bom de se ouvir. Bem tocado em outros blogs e agora tamb\u00e9m no nosso Toque Musical \ud83d\ude09<\/div>\n<div><\/div>\n<div style=\"text-align: center;\">eu vim da bahia<\/div>\n<div style=\"text-align: center;\">medita\u00e7\u00e3o<\/div>\n<div style=\"text-align: center;\">berimbau<\/div>\n<div style=\"text-align: center;\">desafinado<\/div>\n<div style=\"text-align: center;\">samba de uma nota s\u00f3<\/div>\n<div style=\"text-align: center;\">isaura<\/div>\n<div style=\"text-align: center;\">amor em paz<\/div>\n<div style=\"text-align: center;\">brazil<\/div>\n<div style=\"text-align: center;\"><\/div>\n<div style=\"text-align: center;\"><\/div>\n","protected":false},"excerpt":{"rendered":"<p>Bom dia amigos cultos e ocultos! A semana aqui para o meu lado continua quente e em todos os sentidos. Muita coisa boa para postar, mas tamb\u00e9m muitas outras com que me preocupar. Abril, normalmente \u00e9 um m\u00eas atarefado e &hellip; <a href=\"https:\/\/www.toque-musicall.com\/?p=494\">Continue lendo <span class=\"meta-nav\">&rarr;<\/span><\/a><\/p>\n","protected":false},"author":1,"featured_media":0,"comment_status":"open","ping_status":"closed","sticky":false,"template":"","format":"standard","meta":{"footnotes":""},"categories":[391,775,129],"tags":[],"class_list":["post-494","post","type-post","status-publish","format-standard","hentry","category-baden-powell","category-selo-festival","category-selo-imagem"],"_links":{"self":[{"href":"https:\/\/www.toque-musicall.com\/index.php?rest_route=\/wp\/v2\/posts\/494","targetHints":{"allow":["GET"]}}],"collection":[{"href":"https:\/\/www.toque-musicall.com\/index.php?rest_route=\/wp\/v2\/posts"}],"about":[{"href":"https:\/\/www.toque-musicall.com\/index.php?rest_route=\/wp\/v2\/types\/post"}],"author":[{"embeddable":true,"href":"https:\/\/www.toque-musicall.com\/index.php?rest_route=\/wp\/v2\/users\/1"}],"replies":[{"embeddable":true,"href":"https:\/\/www.toque-musicall.com\/index.php?rest_route=%2Fwp%2Fv2%2Fcomments&post=494"}],"version-history":[{"count":0,"href":"https:\/\/www.toque-musicall.com\/index.php?rest_route=\/wp\/v2\/posts\/494\/revisions"}],"wp:attachment":[{"href":"https:\/\/www.toque-musicall.com\/index.php?rest_route=%2Fwp%2Fv2%2Fmedia&parent=494"}],"wp:term":[{"taxonomy":"category","embeddable":true,"href":"https:\/\/www.toque-musicall.com\/index.php?rest_route=%2Fwp%2Fv2%2Fcategories&post=494"},{"taxonomy":"post_tag","embeddable":true,"href":"https:\/\/www.toque-musicall.com\/index.php?rest_route=%2Fwp%2Fv2%2Ftags&post=494"}],"curies":[{"name":"wp","href":"https:\/\/api.w.org\/{rel}","templated":true}]}}