{"id":4940,"date":"2015-06-04T16:20:37","date_gmt":"2015-06-04T19:20:37","guid":{"rendered":"http:\/\/www.toque-musicall.com\/?p=4940"},"modified":"2015-06-04T18:14:15","modified_gmt":"2015-06-04T21:14:15","slug":"os-velhinhos-transviados-sensacionais-1962","status":"publish","type":"post","link":"https:\/\/www.toque-musicall.com\/?p=4940","title":{"rendered":"Os Velhinhos Transviados &#8211; Sensacionais (1962)"},"content":{"rendered":"<p><img loading=\"lazy\" decoding=\"async\" class=\"aligncenter\" alt=\"\" src=\"http:\/\/3.bp.blogspot.com\/-lPNCfe0TIF0\/VXB33TNEX3I\/AAAAAAAALjo\/olyItvf4nLU\/s640\/capap.JPG\" width=\"633\" height=\"640\" \/><img loading=\"lazy\" decoding=\"async\" class=\"aligncenter\" alt=\"\" src=\"http:\/\/1.bp.blogspot.com\/-YPYF8n9awmI\/VXB33ljQeJI\/AAAAAAAALjs\/a1mL1Hgym0U\/s640\/contrap.JPG\" width=\"639\" height=\"640\" \/>Ol\u00e1 amigos cultos e ocultos! Segue aqui mais um disco dos Velhinhos Transviados, um \u00e1lbum que tem muito do que viria a ser a Jovem Guarda. Repleto de juventude, os VTs (Z\u00e9 Menezes e Cia) d\u00e3o o tom, num repert\u00f3rio mesclado de samba e twist, tudo sempre bem &#8216;moderninho&#8217;. Sho<a href=\"http:\/\/depositfiles.org\/files\/z2cknaq0l\" target=\"_blank\">w<\/a>!<\/p>\n<div style=\"text-align: center;\">twist dos velhinhos<\/div>\n<div style=\"text-align: center;\">ya ya<\/div>\n<div style=\"text-align: center;\">samba de balan\u00e7o<\/div>\n<div style=\"text-align: center;\">teleco teco n. 6<\/div>\n<div style=\"text-align: center;\">perdoa-me pelo bem que te quero<\/div>\n<div style=\"text-align: center;\">quem eu quero n\u00e3o me quer<\/div>\n<div style=\"text-align: center;\">a steel guitar and a glass of wine<\/div>\n<div style=\"text-align: center;\">andr\u00e9 de sapato novo<\/div>\n<div style=\"text-align: center;\">twist da guitarra<\/div>\n<div style=\"text-align: center;\">samba brasileiro<\/div>\n<div style=\"text-align: center;\">mineiro de verdade<\/div>\n<div style=\"text-align: center;\">garota solit\u00e1ria<\/div>\n<div style=\"text-align: center;\"><\/div>\n<div style=\"text-align: center;\">,<\/div>\n<p style=\"text-align: center;\">\n","protected":false},"excerpt":{"rendered":"<p>Ol\u00e1 amigos cultos e ocultos! Segue aqui mais um disco dos Velhinhos Transviados, um \u00e1lbum que tem muito do que viria a ser a Jovem Guarda. Repleto de juventude, os VTs (Z\u00e9 Menezes e Cia) d\u00e3o o tom, num repert\u00f3rio &hellip; <a href=\"https:\/\/www.toque-musicall.com\/?p=4940\">Continue lendo <span class=\"meta-nav\">&rarr;<\/span><\/a><\/p>\n","protected":false},"author":1,"featured_media":0,"comment_status":"open","ping_status":"closed","sticky":false,"template":"","format":"standard","meta":{"footnotes":""},"categories":[1301,70],"tags":[],"class_list":["post-4940","post","type-post","status-publish","format-standard","hentry","category-os-velhinhos-transviados","category-selo-rca-victor"],"_links":{"self":[{"href":"https:\/\/www.toque-musicall.com\/index.php?rest_route=\/wp\/v2\/posts\/4940","targetHints":{"allow":["GET"]}}],"collection":[{"href":"https:\/\/www.toque-musicall.com\/index.php?rest_route=\/wp\/v2\/posts"}],"about":[{"href":"https:\/\/www.toque-musicall.com\/index.php?rest_route=\/wp\/v2\/types\/post"}],"author":[{"embeddable":true,"href":"https:\/\/www.toque-musicall.com\/index.php?rest_route=\/wp\/v2\/users\/1"}],"replies":[{"embeddable":true,"href":"https:\/\/www.toque-musicall.com\/index.php?rest_route=%2Fwp%2Fv2%2Fcomments&post=4940"}],"version-history":[{"count":2,"href":"https:\/\/www.toque-musicall.com\/index.php?rest_route=\/wp\/v2\/posts\/4940\/revisions"}],"predecessor-version":[{"id":4942,"href":"https:\/\/www.toque-musicall.com\/index.php?rest_route=\/wp\/v2\/posts\/4940\/revisions\/4942"}],"wp:attachment":[{"href":"https:\/\/www.toque-musicall.com\/index.php?rest_route=%2Fwp%2Fv2%2Fmedia&parent=4940"}],"wp:term":[{"taxonomy":"category","embeddable":true,"href":"https:\/\/www.toque-musicall.com\/index.php?rest_route=%2Fwp%2Fv2%2Fcategories&post=4940"},{"taxonomy":"post_tag","embeddable":true,"href":"https:\/\/www.toque-musicall.com\/index.php?rest_route=%2Fwp%2Fv2%2Ftags&post=4940"}],"curies":[{"name":"wp","href":"https:\/\/api.w.org\/{rel}","templated":true}]}}