{"id":495,"date":"2011-04-10T18:19:00","date_gmt":"2011-04-10T18:19:00","guid":{"rendered":"http:\/\/www.toque-musicall.com\/?p=495"},"modified":"2024-03-04T19:47:06","modified_gmt":"2024-03-04T22:47:06","slug":"morte-e-vida-severina-1966","status":"publish","type":"post","link":"https:\/\/www.toque-musicall.com\/?p=495","title":{"rendered":"Morte E Vida Severina (1966)"},"content":{"rendered":"<p><a href=\"http:\/\/1.bp.blogspot.com\/-n-YyRQ1kz5Q\/TaH1WXN094I\/AAAAAAAAH6w\/RMwIKHCecrY\/s1600\/Morte+E+Vida+Severina+P.JPG\"><img decoding=\"async\" id=\"BLOGGER_PHOTO_ID_5594021976708806530\" style=\"text-align: center; margin: 0px auto 10px; width: 400px; display: block; height: 395px; cursor: hand;\" src=\"http:\/\/1.bp.blogspot.com\/-n-YyRQ1kz5Q\/TaH1WXN094I\/AAAAAAAAH6w\/RMwIKHCecrY\/s400\/Morte+E+Vida+Severina+P.JPG\" alt=\"\" border=\"0\" \/><\/a>Muito boa noite, amigos cultos e ocultos! Vez por outra eu trombo com a postagem do disco &#8220;Morte e Vida Severina&#8221;, com a mesma estampa que vemos logo acima. Voc\u00eas, por certo, tamb\u00e9m j\u00e1 devem t\u00ea-la visto e at\u00e9 mesmo baixado, como eu fiz muitas vezes. Acontece que at\u00e9 hoje ningu\u00e9m postou de verdade o tal disco. O que encontramos, al\u00e9m da capinha, \u00e9 uma outra grava\u00e7\u00e3o, a trilha do <a href=\"http:\/\/toque-musicall.blogspot.com\/search\/label\/Morte%20E%20Vida%20Severina\">filme de Zelito Viana<\/a>, que n\u00e3o corresponde ao proposto. Cansado de levar gato por lebre, eu vou aqui postar o verdadeiro \u00e1lbum da pe\u00e7a, lan\u00e7ado originalmente em 1966.<\/p>\n<div>&#8220;Morte e Vida Severina &#8211; Auto de Natal Pernambucano&#8221; \u00e9 um poema c\u00eanico, escrito por Jo\u00e3o Cabral de Melo Neto em 1956, a pedido de Maria Clara Machado, para o Grupo Tablado encenar no natal, mas que n\u00e3o chegou a acontecer ( ou foi?). Em 1965 ele voltou adaptado, musicado pelo ent\u00e3o jovem compositor, Chico Buarque de Holanda. A pe\u00e7a foi levada ao palco atrav\u00e9s do Teatro da Universidade Cat\u00f3lica de S\u00e3o Paulo, o &#8216;Tuca&#8221;, no dia de sua inaugura\u00e7\u00e3o. No auge da ditadura, pelo cunho social, logo na estreia o grupo teve problemas com os milicos. A pol\u00edcia militar e toda m\u00e1 sorte de repressores baixaram no local. Houve pris\u00f5es e tumulto. Este \u00e1lbum foi gravado (supostamente) nesse dia. Ao contr\u00e1rio do disco dar trilha do filme, neste temos editado o \u00e1udio de toda a encena\u00e7\u00e3o, ou seja, a poesia interpretada ao vivo. A grava\u00e7\u00e3o hist\u00f3rica foi lan\u00e7ada pela Companhia Brasileira de Discos, com selo Philips, em 1966. No mesmo ano saiu tamb\u00e9m um compacto duplo, gravado em est\u00fadio e lan\u00e7ado pelo selo Caritas com o mesmo grupo do Tuca. <img decoding=\"async\" src=\"http:\/\/3.bp.blogspot.com\/-o1UiLQjHVXQ\/TaH1K2t4TII\/AAAAAAAAH6o\/vkQZbcVDqoI\/s200\/morte-e-vida-severina+P.JPG\" \/><\/div>\n<div>Me lembro deste disquinho, eu ainda menino, n\u00e3o parava de ouvi-lo na radiola Philco, na casa da minha tia. Acho que ainda sei de cor toda a faixa &#8220;Mulher na janela&#8221;. Eu cantava direto esse trecho, brincando com os amigos. Como eu n\u00e3o gosto de &#8216;caf\u00e9 pequeno&#8217;, t\u00f4 incluindo no pacote o compacto tamb\u00e9m. Espero que voc\u00eas gostem.<\/div>\n<div><\/div>\n<div>\n<div>\n<div><\/div>\n<div><\/div>\n<\/div>\n<\/div>\n","protected":false},"excerpt":{"rendered":"<p>Muito boa noite, amigos cultos e ocultos! Vez por outra eu trombo com a postagem do disco &#8220;Morte e Vida Severina&#8221;, com a mesma estampa que vemos logo acima. Voc\u00eas, por certo, tamb\u00e9m j\u00e1 devem t\u00ea-la visto e at\u00e9 mesmo &hellip; <a href=\"https:\/\/www.toque-musicall.com\/?p=495\">Continue lendo <span class=\"meta-nav\">&rarr;<\/span><\/a><\/p>\n","protected":false},"author":1,"featured_media":0,"comment_status":"open","ping_status":"closed","sticky":false,"template":"","format":"standard","meta":{"footnotes":""},"categories":[776,777,48,346],"tags":[],"class_list":["post-495","post","type-post","status-publish","format-standard","hentry","category-morte-e-vida-severina","category-selo-caritas","category-selo-philips","category-trilhas"],"_links":{"self":[{"href":"https:\/\/www.toque-musicall.com\/index.php?rest_route=\/wp\/v2\/posts\/495","targetHints":{"allow":["GET"]}}],"collection":[{"href":"https:\/\/www.toque-musicall.com\/index.php?rest_route=\/wp\/v2\/posts"}],"about":[{"href":"https:\/\/www.toque-musicall.com\/index.php?rest_route=\/wp\/v2\/types\/post"}],"author":[{"embeddable":true,"href":"https:\/\/www.toque-musicall.com\/index.php?rest_route=\/wp\/v2\/users\/1"}],"replies":[{"embeddable":true,"href":"https:\/\/www.toque-musicall.com\/index.php?rest_route=%2Fwp%2Fv2%2Fcomments&post=495"}],"version-history":[{"count":1,"href":"https:\/\/www.toque-musicall.com\/index.php?rest_route=\/wp\/v2\/posts\/495\/revisions"}],"predecessor-version":[{"id":10288,"href":"https:\/\/www.toque-musicall.com\/index.php?rest_route=\/wp\/v2\/posts\/495\/revisions\/10288"}],"wp:attachment":[{"href":"https:\/\/www.toque-musicall.com\/index.php?rest_route=%2Fwp%2Fv2%2Fmedia&parent=495"}],"wp:term":[{"taxonomy":"category","embeddable":true,"href":"https:\/\/www.toque-musicall.com\/index.php?rest_route=%2Fwp%2Fv2%2Fcategories&post=495"},{"taxonomy":"post_tag","embeddable":true,"href":"https:\/\/www.toque-musicall.com\/index.php?rest_route=%2Fwp%2Fv2%2Ftags&post=495"}],"curies":[{"name":"wp","href":"https:\/\/api.w.org\/{rel}","templated":true}]}}