{"id":496,"date":"2011-04-09T14:51:00","date_gmt":"2011-04-09T14:51:00","guid":{"rendered":"http:\/\/www.toque-musicall.com\/?p=496"},"modified":"2015-12-14T22:59:27","modified_gmt":"2015-12-15T00:59:27","slug":"tim-maia-coletanea-especial-tm-2011","status":"publish","type":"post","link":"https:\/\/www.toque-musicall.com\/?p=496","title":{"rendered":"Tim Maia &#8211; Colet\u00e2nea Especial TM (2011)"},"content":{"rendered":"<p><a href=\"http:\/\/3.bp.blogspot.com\/-mUSGhTAjANM\/TaByldPb4wI\/AAAAAAAAH6c\/Bf7CzhzD69k\/s1600\/tim_maia+P.JPG\"><img decoding=\"async\" id=\"BLOGGER_PHOTO_ID_5593596725024252674\" style=\"display: block; margin: 0px auto 10px; text-align: center; cursor: hand; width: 400px; height: 400px;\" src=\"http:\/\/3.bp.blogspot.com\/-mUSGhTAjANM\/TaByldPb4wI\/AAAAAAAAH6c\/Bf7CzhzD69k\/s400\/tim_maia+P.JPG\" alt=\"\" border=\"0\" \/><\/a>Ol\u00e1 amiguinhos cultos e ocultos! Aqui vou eu com mais uma da minhas colet\u00e2neas, enquanto aguardo os convidados que tamb\u00e9m est\u00e3o preparando um presentinho aqui para n\u00f3s. N\u00e3o sei que cheguei a comentar, mas estou convidando alguns amigos blogueiros para apresentarem aqui suas colet\u00e2neas. Me inspirei na ideia do Milan Filipovic, em seu blog <a href=\"http:\/\/parallelrealitiesstudio.blogspot.com\/\">Parallel Realities Studio<\/a>, que tamb\u00e9m convida os amigos para fazerem colet\u00e2neas. Por sinal, ele tamb\u00e9m \u00e9 um dos convidados e em breve deve mandar a sua sele\u00e7\u00e3o aqui para o Toque Musical. Esses convites eu tenho feito aos poucos, para n\u00e3o chegar tudo de uma vez s\u00f3, afinal essas postagens aconter\u00e3o sempre nos s\u00e1bados. Temos muitas semanas, muitos outros blogs parceiros e gradualmente ele ir\u00e3o entrando, ok? Achei essa ideia \u00f3tima, pois cria um maior interc\u00e2mbio entre n\u00f3s.<\/p>\n<div>Segue aqui, ent\u00e3o, a colet\u00e2nea da semana, Tim Maia! Quem n\u00e3o gosta? Bom demais, n\u00e9 n\u00e3o?<\/div>\n<div>Selecionei o equivalente a um disco duplo, 24 m\u00fasicas das que eu mais gosto do Tim. Fiz tamb\u00e9m a capinha, pois sem encarte \u00e9 duro de roer. Espero que esteja no agrado \ud83d\ude09<\/div>\n<div>\n<div><\/div>\n<\/div>\n<div style=\"text-align: center;\">dance enquanto \u00e9 tempo<\/div>\n<div style=\"text-align: center;\">o caminho do bem<\/div>\n<div style=\"text-align: center;\">rod\u00e9sia<\/div>\n<div style=\"text-align: center;\">can\u00e1rio do rei<\/div>\n<div style=\"text-align: center;\">eu amo voc\u00ea<\/div>\n<div style=\"text-align: center;\">guin\u00e9 bissau, mo\u00e7ambique e angola racional<\/div>\n<div style=\"text-align: center;\">o que importa<\/div>\n<div style=\"text-align: center;\">azul da cor do mar<\/div>\n<div style=\"text-align: center;\">sofre<\/div>\n<div style=\"text-align: center;\">batata frita, o ladr\u00e3o de bicicleta<\/div>\n<div style=\"text-align: center;\">ela partiu<\/div>\n<div style=\"text-align: center;\">n\u00e3o vou ficar<\/div>\n<div style=\"text-align: center;\">rational culture<\/div>\n<div style=\"text-align: center;\">ride twist and roll<\/div>\n<div style=\"text-align: center;\">the dance is over<\/div>\n<div style=\"text-align: center;\">let&#8217;s have a ball tonight<\/div>\n<div style=\"text-align: center;\">where is my other half<\/div>\n<div style=\"text-align: center;\">over again<\/div>\n<div style=\"text-align: center;\">brother, father, sister and mother<\/div>\n<div style=\"text-align: center;\">i don&#8217;t care<\/div>\n<div style=\"text-align: center;\">to fall in love<\/div>\n<div style=\"text-align: center;\">nobody can live for ever<\/div>\n<div style=\"text-align: center;\">jurema<\/div>\n<div style=\"text-align: center;\"><\/div>\n<div style=\"text-align: center;\"><\/div>\n","protected":false},"excerpt":{"rendered":"<p>Ol\u00e1 amiguinhos cultos e ocultos! Aqui vou eu com mais uma da minhas colet\u00e2neas, enquanto aguardo os convidados que tamb\u00e9m est\u00e3o preparando um presentinho aqui para n\u00f3s. N\u00e3o sei que cheguei a comentar, mas estou convidando alguns amigos blogueiros para &hellip; <a href=\"https:\/\/www.toque-musicall.com\/?p=496\">Continue lendo <span class=\"meta-nav\">&rarr;<\/span><\/a><\/p>\n","protected":false},"author":1,"featured_media":0,"comment_status":"open","ping_status":"closed","sticky":false,"template":"","format":"standard","meta":{"footnotes":""},"categories":[180,2624,11,88],"tags":[],"class_list":["post-496","post","type-post","status-publish","format-standard","hentry","category-bootleg","category-coletanea-tim-maia","category-exclusivos-do-toque-musical","category-tim-maia"],"_links":{"self":[{"href":"https:\/\/www.toque-musicall.com\/index.php?rest_route=\/wp\/v2\/posts\/496","targetHints":{"allow":["GET"]}}],"collection":[{"href":"https:\/\/www.toque-musicall.com\/index.php?rest_route=\/wp\/v2\/posts"}],"about":[{"href":"https:\/\/www.toque-musicall.com\/index.php?rest_route=\/wp\/v2\/types\/post"}],"author":[{"embeddable":true,"href":"https:\/\/www.toque-musicall.com\/index.php?rest_route=\/wp\/v2\/users\/1"}],"replies":[{"embeddable":true,"href":"https:\/\/www.toque-musicall.com\/index.php?rest_route=%2Fwp%2Fv2%2Fcomments&post=496"}],"version-history":[{"count":1,"href":"https:\/\/www.toque-musicall.com\/index.php?rest_route=\/wp\/v2\/posts\/496\/revisions"}],"predecessor-version":[{"id":5326,"href":"https:\/\/www.toque-musicall.com\/index.php?rest_route=\/wp\/v2\/posts\/496\/revisions\/5326"}],"wp:attachment":[{"href":"https:\/\/www.toque-musicall.com\/index.php?rest_route=%2Fwp%2Fv2%2Fmedia&parent=496"}],"wp:term":[{"taxonomy":"category","embeddable":true,"href":"https:\/\/www.toque-musicall.com\/index.php?rest_route=%2Fwp%2Fv2%2Fcategories&post=496"},{"taxonomy":"post_tag","embeddable":true,"href":"https:\/\/www.toque-musicall.com\/index.php?rest_route=%2Fwp%2Fv2%2Ftags&post=496"}],"curies":[{"name":"wp","href":"https:\/\/api.w.org\/{rel}","templated":true}]}}