{"id":4968,"date":"2015-06-16T19:59:22","date_gmt":"2015-06-16T22:59:22","guid":{"rendered":"http:\/\/www.toque-musicall.com\/?p=4968"},"modified":"2015-06-17T20:01:35","modified_gmt":"2015-06-17T23:01:35","slug":"joao-pacifico-serie-documento-sertanejo-1980","status":"publish","type":"post","link":"https:\/\/www.toque-musicall.com\/?p=4968","title":{"rendered":"Jo\u00e3o Pac\u00edfico &#8211; S\u00e9rie Documento Sertanejo (1980)"},"content":{"rendered":"<p><img loading=\"lazy\" decoding=\"async\" class=\"aligncenter\" alt=\"\" src=\"http:\/\/1.bp.blogspot.com\/-ATZs6OUDnG4\/VX-F6E08ewI\/AAAAAAAALpI\/6XKdOgTHC3I\/s640\/ccapa%2Bp.JPG\" width=\"640\" height=\"634\" \/><img loading=\"lazy\" decoding=\"async\" class=\"aligncenter\" alt=\"\" src=\"http:\/\/3.bp.blogspot.com\/-S2odxL5Q0jY\/VX-F3J9DlMI\/AAAAAAAALpA\/VAfnoxBhqCc\/s640\/capa%2Bp.JPG\" width=\"638\" height=\"640\" \/>Ol\u00e1 amigos cultos e ocultos! Mesmo sendo este um m\u00eas de anivers\u00e1rio do Toque Musical, eu n\u00e3o tenho conseguido manter uma regularidade nas postagens. Infelizmente os tempos agora s\u00e3o outros e para o nosso querido blog, parece que o tempo est\u00e1 ainda mais curto. Mas como dizem por aqui, antes pingar do que faltar. De pingo em pingo, a gente vai tocando \ud83d\ude09<br \/>\nPara o pingo de hoje, quer dizer o toque musical do dia, temos aqui uma produ\u00e7\u00e3o quase independente. Um disco verdadeiramente essencial enquanto registro de um artista e de um g\u00eanero aut\u00eantico e nacional. Estou falando aqui da verdadeira m\u00fasica sertaneja e de um dos artistas, um compositor, quem melhor representa esse g\u00eanero, Jo\u00e3o Pac\u00edfico, compositor e parceiro de outro grande, Raul Torres. Este \u00e1lbum, um registro raro, re\u00fane alguns de seus maiores sucessos. Conforme nos indica o texto da contracapa, trata-se de uma homenagem aos 50 anos de vida art\u00edstica de Jo\u00e3o Pac\u00edfico. O disco foi gravado em 1980. Temos aqui a oportunidade \u00fanica de ouvir o pr\u00f3prio artista interpretando suas can\u00e7\u00f5es e versos, acompanhado pelo Grupo Macambira. Um bel\u00edssimo e aut\u00eantico trabalho que vai muito al\u00e9m da simplicidade da m\u00fasica cabocl<a href=\"http:\/\/depositfiles.org\/files\/77cd7w9vv\" target=\"_blank\">a<\/a>.<\/p>\n<div style=\"text-align: center;\">chico mulato<\/div>\n<div style=\"text-align: center;\">no mour\u00e3o da porteira<\/div>\n<div style=\"text-align: center;\">no fim da estrada<\/div>\n<div style=\"text-align: center;\">rosinha<\/div>\n<div style=\"text-align: center;\">uma velha carta<\/div>\n<div style=\"text-align: center;\">tr\u00eas nascentes<\/div>\n<div style=\"text-align: center;\">mancha de vinho<\/div>\n<div style=\"text-align: center;\">cabocla tereza<\/div>\n<div style=\"text-align: center;\">pingo d\u00e1gua<\/div>\n<div style=\"text-align: center;\">cinquenten\u00e1rio da viola<\/div>\n<div style=\"text-align: center;\">vai se chamar saudade<\/div>\n<div style=\"text-align: center;\">no banquinho<\/div>\n<div style=\"text-align: center;\">minha rua<\/div>\n<div style=\"text-align: center;\"><\/div>\n<div style=\"text-align: center;\">.<\/div>\n<p>&nbsp;<\/p>\n","protected":false},"excerpt":{"rendered":"<p>Ol\u00e1 amigos cultos e ocultos! Mesmo sendo este um m\u00eas de anivers\u00e1rio do Toque Musical, eu n\u00e3o tenho conseguido manter uma regularidade nas postagens. Infelizmente os tempos agora s\u00e3o outros e para o nosso querido blog, parece que o tempo &hellip; <a href=\"https:\/\/www.toque-musicall.com\/?p=4968\">Continue lendo <span class=\"meta-nav\">&rarr;<\/span><\/a><\/p>\n","protected":false},"author":1,"featured_media":0,"comment_status":"open","ping_status":"closed","sticky":false,"template":"","format":"standard","meta":{"footnotes":""},"categories":[2572],"tags":[],"class_list":["post-4968","post","type-post","status-publish","format-standard","hentry","category-selo-berrante"],"_links":{"self":[{"href":"https:\/\/www.toque-musicall.com\/index.php?rest_route=\/wp\/v2\/posts\/4968","targetHints":{"allow":["GET"]}}],"collection":[{"href":"https:\/\/www.toque-musicall.com\/index.php?rest_route=\/wp\/v2\/posts"}],"about":[{"href":"https:\/\/www.toque-musicall.com\/index.php?rest_route=\/wp\/v2\/types\/post"}],"author":[{"embeddable":true,"href":"https:\/\/www.toque-musicall.com\/index.php?rest_route=\/wp\/v2\/users\/1"}],"replies":[{"embeddable":true,"href":"https:\/\/www.toque-musicall.com\/index.php?rest_route=%2Fwp%2Fv2%2Fcomments&post=4968"}],"version-history":[{"count":1,"href":"https:\/\/www.toque-musicall.com\/index.php?rest_route=\/wp\/v2\/posts\/4968\/revisions"}],"predecessor-version":[{"id":4969,"href":"https:\/\/www.toque-musicall.com\/index.php?rest_route=\/wp\/v2\/posts\/4968\/revisions\/4969"}],"wp:attachment":[{"href":"https:\/\/www.toque-musicall.com\/index.php?rest_route=%2Fwp%2Fv2%2Fmedia&parent=4968"}],"wp:term":[{"taxonomy":"category","embeddable":true,"href":"https:\/\/www.toque-musicall.com\/index.php?rest_route=%2Fwp%2Fv2%2Fcategories&post=4968"},{"taxonomy":"post_tag","embeddable":true,"href":"https:\/\/www.toque-musicall.com\/index.php?rest_route=%2Fwp%2Fv2%2Ftags&post=4968"}],"curies":[{"name":"wp","href":"https:\/\/api.w.org\/{rel}","templated":true}]}}