{"id":499,"date":"2011-04-06T09:46:00","date_gmt":"2011-04-06T09:46:00","guid":{"rendered":"http:\/\/www.toque-musicall.com\/?p=499"},"modified":"2011-04-06T09:46:00","modified_gmt":"2011-04-06T09:46:00","slug":"nonato-luiz-pedro-soler-dialogo-1982","status":"publish","type":"post","link":"https:\/\/www.toque-musicall.com\/?p=499","title":{"rendered":"Nonato Luiz &#038; Pedro Soler &#8211; Di\u00e1logo (1982)"},"content":{"rendered":"<p><a href=\"http:\/\/3.bp.blogspot.com\/-WdEZX3lLvlg\/TZxrErXOwjI\/AAAAAAAAH54\/7c2rRMV95nU\/s1600\/pedro+e+nonato+P.JPG\"><img decoding=\"async\" style=\"display: block; margin: 0px auto 10px; text-align: center; cursor: pointer; width: 399px; height: 400px;\" src=\"http:\/\/3.bp.blogspot.com\/-WdEZX3lLvlg\/TZxrErXOwjI\/AAAAAAAAH54\/7c2rRMV95nU\/s400\/pedro+e+nonato+P.JPG\" alt=\"\" id=\"BLOGGER_PHOTO_ID_5592462565391122994\" border=\"0\" \/><\/a>Bom tarde, amigos cultos e ocultos! Nossa semana est\u00e1 maravilhosamente instrumental e agradando \u00e0 gregos e tamb\u00e9m aos troianos.  \u00c9 bom saber que o Toque Musical tem se tornado um espa\u00e7o de consulta importante, de relev\u00e2ncia cultural mesmo na contram\u00e3o da confusa &#8216;legalidade&#8217; que vivemos nesses tempos. Sei tamb\u00e9m que o TM, assim como muitos outros blogs, sobrevive na condi\u00e7\u00e3o de &#8216;toler\u00e2ncia vigiada&#8217;. Por certo, os patrulheiros cibern\u00e9ticos est\u00e3o de olhos bem abertos, n\u00e3o apenas para tentarem coibir a\u00e7\u00f5es, mas tamb\u00e9m para tirarem proveitos da situa\u00e7\u00e3o. Blogs como o Toque Musical tem servido de &#8216;term\u00f4metro&#8217; para muitos produtores e editoras, que percebendo o interesse do p\u00fablico, procuram reinventar &#8216;o produto&#8217;. Est\u00e3o fabricando biscoito de araruta e vendendo como &#8216;cookies&#8217;. O foda \u00e9 que em alguns casos, a gente leva para casa o mesmo produto encontrado nos blogs (as vezes at\u00e9 com uma qualidade inferior). Bom, mas pelo menos tem uma vantagem&#8230; (eu s\u00f3 n\u00e3o descobri ainda se \u00e9 para quem compra ou para quem vende. Acho que \u00e9 mais para quem produz).<br \/>Putz, nem sei porque eu estou tocando nesse assunto&#8230; acho que perdi o gancho (o gancho e o tapa olho, hehehe&#8230;)<br \/>Vamos ao disco do dia. Continuando com os mestres do instrumental, tenho aqui o violonista cearense Nonato Luiz numa dobradinha com o guitarrista flamenco Pedro Soler. O lp \u00e9 um registro gravado ao vivo na Sala Cec\u00edlia Meireles, do Rio de Janeiro, em junho de 1982. De um lado temos o brasileiro e do outro o espanhol (ou catal\u00e3o? sei n\u00e3o). Na \u00e9poca os dois instrumentistas faziam uma turn\u00ea pela Europa. Um trabalho que procurava mostrar as afinidades sonoras entre a m\u00fasica flamenca e a nordestina. Ao final das apresenta\u00e7\u00f5es europeias eles vieram mostrar tamb\u00e9m no Brasil esse show.<br \/>Este \u00e9 um disco que embora eu j\u00e1 conhecesse, nunca o ouvi com a devida aten\u00e7\u00e3o. Foi s\u00f3 agora, preparando o toque musical que pude percebe-lo na \u00edntegra. Estranhei o fato de que o n\u00famero das m\u00fasicas n\u00e3o corresponde aos das faixas. Como n\u00e3o conhecia bem todas as m\u00fasicas, ficou dif\u00edcil entender quem \u00e9 quem. Pelo que eu pude entender, em algumas faixas contam mais de uma m\u00fasica. Fiz ent\u00e3o a denomina\u00e7\u00e3o conforme me parecia a l\u00f3gica. Como sei  que pode haver erros, decidi incluir tamb\u00e9m no arquivo a digitaliza\u00e7\u00e3o bruta, por inteiro. Da\u00ed, aqueles que sabem poder\u00e3o separar corretamente as faixas. O importante \u00e9 que est\u00e1 tudo aqui. Disco bonito, m\u00fasicos excepcionais! Confiram&#8230;<\/p>\n<div style=\"text-align: center;\">malague\u00f1as &#8211; pedro soler<br \/>granaina &#8211; pedro soler<br \/>nana &#8211; pedro soler<br \/>seguirias &#8211; pedro soler<br \/>qui nem gil\u00f3<br \/>viola violada<br \/>dan\u00e7a do ventre<br \/>quatro prantos<br \/>reflex\u00f5es nordestinas<br \/>o sonho<\/p>\n<p><\/div>\n","protected":false},"excerpt":{"rendered":"<p>Bom tarde, amigos cultos e ocultos! Nossa semana est\u00e1 maravilhosamente instrumental e agradando \u00e0 gregos e tamb\u00e9m aos troianos. \u00c9 bom saber que o Toque Musical tem se tornado um espa\u00e7o de consulta importante, de relev\u00e2ncia cultural mesmo na contram\u00e3o &hellip; <a href=\"https:\/\/www.toque-musicall.com\/?p=499\">Continue lendo <span class=\"meta-nav\">&rarr;<\/span><\/a><\/p>\n","protected":false},"author":1,"featured_media":0,"comment_status":"open","ping_status":"closed","sticky":false,"template":"","format":"standard","meta":{"footnotes":""},"categories":[780,779],"tags":[],"class_list":["post-499","post","type-post","status-publish","format-standard","hentry","category-nonato-luiz","category-selo-harmony"],"_links":{"self":[{"href":"https:\/\/www.toque-musicall.com\/index.php?rest_route=\/wp\/v2\/posts\/499","targetHints":{"allow":["GET"]}}],"collection":[{"href":"https:\/\/www.toque-musicall.com\/index.php?rest_route=\/wp\/v2\/posts"}],"about":[{"href":"https:\/\/www.toque-musicall.com\/index.php?rest_route=\/wp\/v2\/types\/post"}],"author":[{"embeddable":true,"href":"https:\/\/www.toque-musicall.com\/index.php?rest_route=\/wp\/v2\/users\/1"}],"replies":[{"embeddable":true,"href":"https:\/\/www.toque-musicall.com\/index.php?rest_route=%2Fwp%2Fv2%2Fcomments&post=499"}],"version-history":[{"count":0,"href":"https:\/\/www.toque-musicall.com\/index.php?rest_route=\/wp\/v2\/posts\/499\/revisions"}],"wp:attachment":[{"href":"https:\/\/www.toque-musicall.com\/index.php?rest_route=%2Fwp%2Fv2%2Fmedia&parent=499"}],"wp:term":[{"taxonomy":"category","embeddable":true,"href":"https:\/\/www.toque-musicall.com\/index.php?rest_route=%2Fwp%2Fv2%2Fcategories&post=499"},{"taxonomy":"post_tag","embeddable":true,"href":"https:\/\/www.toque-musicall.com\/index.php?rest_route=%2Fwp%2Fv2%2Ftags&post=499"}],"curies":[{"name":"wp","href":"https:\/\/api.w.org\/{rel}","templated":true}]}}