{"id":4992,"date":"2015-06-29T20:18:19","date_gmt":"2015-06-29T23:18:19","guid":{"rendered":"http:\/\/www.toque-musicall.com\/?p=4992"},"modified":"2015-06-29T20:26:12","modified_gmt":"2015-06-29T23:26:12","slug":"the-pops-5-aniversario-1969","status":"publish","type":"post","link":"https:\/\/www.toque-musicall.com\/?p=4992","title":{"rendered":"The Pops &#8211; 5. Anivers\u00e1rio (1969)"},"content":{"rendered":"<p><img loading=\"lazy\" decoding=\"async\" class=\"aligncenter\" alt=\"\" src=\"http:\/\/3.bp.blogspot.com\/-Fg8WpaHtqco\/VZHB5zZ1QLI\/AAAAAAAALs8\/N1mL1aG7qa4\/s640\/capa.JPG\" width=\"640\" height=\"640\" \/><img loading=\"lazy\" decoding=\"async\" class=\"aligncenter\" alt=\"\" src=\"http:\/\/1.bp.blogspot.com\/-ufSIdK8iYcc\/VZHB6PaiNVI\/AAAAAAAALtA\/0CY13JyCfXE\/s640\/contra.JPG\" width=\"640\" height=\"639\" \/>Boa noite, amigos cultos e ocultos! Eu sou mesmo um cara avoado. Estava crente que era 30 de junho a data de anivers\u00e1rio do nosso Toque Musical e j\u00e1 estou nessa n\u00e3o \u00e9 de agora. Os dois \u00faltimos anos foram comemorados assim. E at\u00e9 a data de anivers\u00e1rio do Augusto TM\/Toque Musical no Facebook, parece que tamb\u00e9m est\u00e1 com data errada, 30 de junho. Mas o certo mesmo \u00e9 30 de julho. Isso eu s\u00f3 fui perceber hoje quando pensava em postar uma colet\u00e2nea de anivers\u00e1rio. Que sorte, errei&#8230; tenho ainda mais um m\u00eas para pensar em algo especial \ud83d\ude42<br \/>\nE j\u00e1 que falamos de anivers\u00e1rio, que tal um disco do The Pop&#8217;s comemorando, em 1969, cinco anos de disco? Este \u00e1lbum vem recheado em suas doze faixas com mais de o dobro de m\u00fasicas, reunidas muitas delas em &#8216;pot pourri&#8217;. Assim como outros discos do The Pop&#8217;s, este tamb\u00e9m foi relan\u00e7ado nos anos 80 e 90 e se n\u00e3o estou enganado at\u00e9 em cd. Por enquanto, vamos apenas comemorar o anivers\u00e1rio do The Pop&#8217;s, o<a href=\"http:\/\/depositfiles.org\/files\/i9mojuicb\" target=\"_blank\">k<\/a>? \ud83d\ude42<\/p>\n<div style=\"text-align: center;\">eu te amo, eu te amo , eu te amo<\/div>\n<div style=\"text-align: center;\">live for live<\/div>\n<div style=\"text-align: center;\">loves is blue<\/div>\n<div style=\"text-align: center;\">with a little help my friends<\/div>\n<div style=\"text-align: center;\">o forasteiro<\/div>\n<div style=\"text-align: center;\">poinciana<\/div>\n<div style=\"text-align: center;\">day tripper<\/div>\n<div style=\"text-align: center;\">johnny guitar<\/div>\n<div style=\"text-align: center;\">as 7 maravilhas n. 2<\/div>\n<div style=\"text-align: center;\">valsa da despedida<\/div>\n<div style=\"text-align: center;\">cinco letras que choram<\/div>\n<div style=\"text-align: center;\">ch\u00e3o de estrelas<\/div>\n<div style=\"text-align: center;\">meu consolo \u00e9 voc\u00ea<\/div>\n<div style=\"text-align: center;\">palpite infeliz<\/div>\n<div style=\"text-align: center;\">o orvalho vem caindo<\/div>\n<div style=\"text-align: center;\">estrela do mar<\/div>\n<div style=\"text-align: center;\">a lenda do beijo<\/div>\n<div style=\"text-align: center;\">samba can\u00e7\u00e3o<\/div>\n<div style=\"text-align: center;\">folhas mortas<\/div>\n<div style=\"text-align: center;\">marina<\/div>\n<div style=\"text-align: center;\">tchinf<\/div>\n<div style=\"text-align: center;\">besame mucho<\/div>\n<div style=\"text-align: center;\">que murmurem<\/div>\n<div style=\"text-align: center;\">vereda tropical<\/div>\n<div style=\"text-align: center;\">sabor a mi<\/div>\n<div style=\"text-align: center;\">quando tu me quieras<\/div>\n<div style=\"text-align: center;\">atravessando rio wersey<\/div>\n<div style=\"text-align: center;\">as 7 maravilhas n. 1<\/div>\n<div style=\"text-align: center;\">eu sonhei que tu estavas t\u00e3o linda<\/div>\n<div style=\"text-align: center;\">maria<\/div>\n<div style=\"text-align: center;\">linda flor<\/div>\n<div style=\"text-align: center;\">saudades da bahia<\/div>\n<div style=\"text-align: center;\">ai que saudades da am\u00e9lia<\/div>\n<div style=\"text-align: center;\">casinha pequenina<\/div>\n<div style=\"text-align: center;\">as pastorinhas<\/div>\n<div style=\"text-align: center;\"><\/div>\n<div style=\"text-align: center;\">.<\/div>\n","protected":false},"excerpt":{"rendered":"<p>Boa noite, amigos cultos e ocultos! Eu sou mesmo um cara avoado. Estava crente que era 30 de junho a data de anivers\u00e1rio do nosso Toque Musical e j\u00e1 estou nessa n\u00e3o \u00e9 de agora. Os dois \u00faltimos anos foram &hellip; <a href=\"https:\/\/www.toque-musicall.com\/?p=4992\">Continue lendo <span class=\"meta-nav\">&rarr;<\/span><\/a><\/p>\n","protected":false},"author":1,"featured_media":0,"comment_status":"open","ping_status":"closed","sticky":false,"template":"","format":"standard","meta":{"footnotes":""},"categories":[275,381],"tags":[],"class_list":["post-4992","post","type-post","status-publish","format-standard","hentry","category-selo-equipe","category-the-pops"],"_links":{"self":[{"href":"https:\/\/www.toque-musicall.com\/index.php?rest_route=\/wp\/v2\/posts\/4992","targetHints":{"allow":["GET"]}}],"collection":[{"href":"https:\/\/www.toque-musicall.com\/index.php?rest_route=\/wp\/v2\/posts"}],"about":[{"href":"https:\/\/www.toque-musicall.com\/index.php?rest_route=\/wp\/v2\/types\/post"}],"author":[{"embeddable":true,"href":"https:\/\/www.toque-musicall.com\/index.php?rest_route=\/wp\/v2\/users\/1"}],"replies":[{"embeddable":true,"href":"https:\/\/www.toque-musicall.com\/index.php?rest_route=%2Fwp%2Fv2%2Fcomments&post=4992"}],"version-history":[{"count":3,"href":"https:\/\/www.toque-musicall.com\/index.php?rest_route=\/wp\/v2\/posts\/4992\/revisions"}],"predecessor-version":[{"id":4995,"href":"https:\/\/www.toque-musicall.com\/index.php?rest_route=\/wp\/v2\/posts\/4992\/revisions\/4995"}],"wp:attachment":[{"href":"https:\/\/www.toque-musicall.com\/index.php?rest_route=%2Fwp%2Fv2%2Fmedia&parent=4992"}],"wp:term":[{"taxonomy":"category","embeddable":true,"href":"https:\/\/www.toque-musicall.com\/index.php?rest_route=%2Fwp%2Fv2%2Fcategories&post=4992"},{"taxonomy":"post_tag","embeddable":true,"href":"https:\/\/www.toque-musicall.com\/index.php?rest_route=%2Fwp%2Fv2%2Ftags&post=4992"}],"curies":[{"name":"wp","href":"https:\/\/api.w.org\/{rel}","templated":true}]}}