{"id":4996,"date":"2015-07-03T21:35:31","date_gmt":"2015-07-04T00:35:31","guid":{"rendered":"http:\/\/www.toque-musicall.com\/?p=4996"},"modified":"2015-07-03T21:35:31","modified_gmt":"2015-07-04T00:35:31","slug":"osny-silva-capricho-1963","status":"publish","type":"post","link":"https:\/\/www.toque-musicall.com\/?p=4996","title":{"rendered":"Osny Silva &#8211; Capricho (1963)"},"content":{"rendered":"<p><img loading=\"lazy\" decoding=\"async\" class=\"aligncenter\" alt=\"\" src=\"http:\/\/3.bp.blogspot.com\/-YX5uxUjfJf4\/VZchdLMAB6I\/AAAAAAAALtw\/IdHdIpjors0\/s640\/osny-silva-capricho-cd-remasterizado-anos-60-mpb-14100-MLB204544760_3347-F.jpg\" width=\"640\" height=\"640\" \/><img loading=\"lazy\" decoding=\"async\" class=\"aligncenter\" alt=\"\" src=\"http:\/\/4.bp.blogspot.com\/-rkfvzBksLXY\/VZchUvFq8YI\/AAAAAAAALto\/sBKv9tGmb2A\/s640\/contra.JPG\" width=\"640\" height=\"621\" \/><br \/>\nOl\u00e1 amigos cultos e ocultos! Sobrou aqui uma brecha no meu tempo. L\u00e1 vamos n\u00f3s para mais uma postagem. Segue aqui um disco do cantor Osny Silva, &#8216;Capricho&#8217;, lp lan\u00e7ado originalmente em 1963. se n\u00e3o me engano, voltou a ser relan\u00e7ado em vinil nos anos 70 e mais tarde recebeu sua vers\u00e3o cd. Aqui o cantor vem acompanhado da Orquestra Continental, apresentando uma s\u00e9rie com muito \u00a0bolero, tango, valsa e por a\u00ed a for<a href=\"http:\/\/depositfiles.org\/files\/zswaya12v\" target=\"_blank\">a.<\/a>..<\/p>\n<div style=\"text-align: center;\">capricho cigano<\/div>\n<div style=\"text-align: center;\">s\u00f3 pra voc\u00ea<\/div>\n<div style=\"text-align: center;\">adeus mariquita linda<\/div>\n<div style=\"text-align: center;\">jura me<\/div>\n<div style=\"text-align: center;\">te quiero dejiste<\/div>\n<div style=\"text-align: center;\">beio nos olhos<\/div>\n<div style=\"text-align: center;\">torna sorriento<\/div>\n<div style=\"text-align: center;\">coimbra<\/div>\n<div style=\"text-align: center;\">jamais te esquecerei<\/div>\n<div style=\"text-align: center;\">besame mucho<\/div>\n<div style=\"text-align: center;\">marita romana<\/div>\n<div style=\"text-align: center;\">adeus<\/div>\n<p>&nbsp;<\/p>\n","protected":false},"excerpt":{"rendered":"<p>Ol\u00e1 amigos cultos e ocultos! Sobrou aqui uma brecha no meu tempo. L\u00e1 vamos n\u00f3s para mais uma postagem. Segue aqui um disco do cantor Osny Silva, &#8216;Capricho&#8217;, lp lan\u00e7ado originalmente em 1963. se n\u00e3o me engano, voltou a ser &hellip; <a href=\"https:\/\/www.toque-musicall.com\/?p=4996\">Continue lendo <span class=\"meta-nav\">&rarr;<\/span><\/a><\/p>\n","protected":false},"author":1,"featured_media":0,"comment_status":"open","ping_status":"closed","sticky":false,"template":"","format":"standard","meta":{"footnotes":""},"categories":[1631,40],"tags":[],"class_list":["post-4996","post","type-post","status-publish","format-standard","hentry","category-osny-silva","category-selo-continental"],"_links":{"self":[{"href":"https:\/\/www.toque-musicall.com\/index.php?rest_route=\/wp\/v2\/posts\/4996","targetHints":{"allow":["GET"]}}],"collection":[{"href":"https:\/\/www.toque-musicall.com\/index.php?rest_route=\/wp\/v2\/posts"}],"about":[{"href":"https:\/\/www.toque-musicall.com\/index.php?rest_route=\/wp\/v2\/types\/post"}],"author":[{"embeddable":true,"href":"https:\/\/www.toque-musicall.com\/index.php?rest_route=\/wp\/v2\/users\/1"}],"replies":[{"embeddable":true,"href":"https:\/\/www.toque-musicall.com\/index.php?rest_route=%2Fwp%2Fv2%2Fcomments&post=4996"}],"version-history":[{"count":1,"href":"https:\/\/www.toque-musicall.com\/index.php?rest_route=\/wp\/v2\/posts\/4996\/revisions"}],"predecessor-version":[{"id":4997,"href":"https:\/\/www.toque-musicall.com\/index.php?rest_route=\/wp\/v2\/posts\/4996\/revisions\/4997"}],"wp:attachment":[{"href":"https:\/\/www.toque-musicall.com\/index.php?rest_route=%2Fwp%2Fv2%2Fmedia&parent=4996"}],"wp:term":[{"taxonomy":"category","embeddable":true,"href":"https:\/\/www.toque-musicall.com\/index.php?rest_route=%2Fwp%2Fv2%2Fcategories&post=4996"},{"taxonomy":"post_tag","embeddable":true,"href":"https:\/\/www.toque-musicall.com\/index.php?rest_route=%2Fwp%2Fv2%2Ftags&post=4996"}],"curies":[{"name":"wp","href":"https:\/\/api.w.org\/{rel}","templated":true}]}}