{"id":50,"date":"2012-05-29T01:19:00","date_gmt":"2012-05-29T01:19:00","guid":{"rendered":"http:\/\/www.toque-musicall.com\/?p=50"},"modified":"2012-05-29T01:19:00","modified_gmt":"2012-05-29T01:19:00","slug":"vocalistas-tropicais-vol-1-selecao-78-rpm-do-toque-musical-2012","status":"publish","type":"post","link":"https:\/\/www.toque-musicall.com\/?p=50","title":{"rendered":"Vocalistas Tropicais Vol. 1 &#8211; Sele\u00e7\u00e3o 78 RPM Do Toque Musical (2012)"},"content":{"rendered":"<p><\/p>\n<div style=\"clear: both; text-align: center;\"><a href=\"http:\/\/4.bp.blogspot.com\/-azqoCD3gbyQ\/T8QjmZp_JZI\/AAAAAAAACdk\/qqpWCYNxbbc\/s1600\/CAPAp.JPG\" style=\"margin-left: 1em; margin-right: 1em;\"><img loading=\"lazy\" decoding=\"async\" border=\"0\" height=\"400\" src=\"http:\/\/4.bp.blogspot.com\/-azqoCD3gbyQ\/T8QjmZp_JZI\/AAAAAAAACdk\/qqpWCYNxbbc\/s400\/CAPAp.JPG\" width=\"400\" \/><\/a><\/div>\n<div style=\"clear: both; text-align: center;\"><a href=\"http:\/\/1.bp.blogspot.com\/-kdp51C1cuUY\/T8QjiOAx_II\/AAAAAAAACdc\/eOOboJXs9dw\/s1600\/CONTRACAPAp.JPG\" style=\"margin-left: 1em; margin-right: 1em;\"><img loading=\"lazy\" decoding=\"async\" border=\"0\" height=\"400\" src=\"http:\/\/1.bp.blogspot.com\/-kdp51C1cuUY\/T8QjiOAx_II\/AAAAAAAACdc\/eOOboJXs9dw\/s400\/CONTRACAPAp.JPG\" width=\"400\" \/><\/a><\/div>\n<p>Em sua vig\u00e9sima-terceira edi\u00e7\u00e3o, o Grand Record Brazil apresenta a primeira parte de uma retrospectiva das mais expressivas grava\u00e7\u00f5es dos Vocalistas Tropicais. Grupo vocal e instrumental, formou-se em 1941 na capital do Cear\u00e1, Fortaleza, e teve in\u00fameras forma\u00e7\u00f5es at\u00e9 se definir com os seguintes componentes: Nilo Xavier da Mota (l\u00edder, violonista e arranjador), Raimundo Evandro Jata\u00ed de Souza (vocal, viola americana e arranjos), Artur Oliveira (percussionista e vocalista), Dan\u00fabio Barbosa Lima (percussionista), todos de Fortaleza, mais o recifense Arlindo Borges (vocalista e \u00a0solista de viol\u00e3o).<br \/>Eles se apresentaram, at\u00e9 1944, na Cear\u00e1 R\u00e1dio Clube, depois foram para S\u00e3o Lu\u00eds do Maranh\u00e3o, cantando na R\u00e1dio Timbira e no Hotel Cassino Central, e depois para Manaus, capital do Amazonas, onde se apresentaram na R\u00e1dio Bar\u00e9.<br \/>Em 1945, acontece a inevit\u00e1vel mudan\u00e7a do grupo para a ent\u00e3o Capital da Rep\u00fablica, o Rio de Janeiro, em busca de melhores oportunidades de trabalho. Ali chegando, foram contratados pela R\u00e1dio Mundial e pela gravadora Odeon. Exatamente em 6 de fevereiro de 1946, o quinteto comparece aos est\u00fadios da \u201cmarca do templo\u201d para gravar seu primeiro disco, lan\u00e7ado em mar\u00e7o seguinte com o n\u00famero 12681. No lado A, a matriz 8004 apresentava o fox \u201cPapai, mam\u00e3e, voc\u00ea e eu\u201d, de Paulo Sucupira (que tamb\u00e9m integrou o conjunto nessa ocasi\u00e3o e gravou com eles seus primeiros discos), e no verso, a matriz 8005 trouxe o balanceio \u201cT\u00e3o f\u00e1cil, t\u00e3o bom\u201d, do tamb\u00e9m cearense Lauro Maia. Foi aquele sucesso!<br \/>\u00a0Terminado o contrato com a Mundial, os Vocalistas Tropicais passam-se para a PRG-3, R\u00e1dio Tupi (\u201co cacique do ar\u201d), e tamb\u00e9m atuaram em diversos cassinos cariocas, antes do governo Dutra proibir o jogo, al\u00e9m de participar de cinco filmes brasileiros. Em 1949\/50, atuaram em duas revistas com Dercy Gon\u00e7alves, encenadas no Teatro Gl\u00f3ria: \u201cQuem est\u00e1 de ronda \u00e9 S\u00e3o Borja\u201d e \u201cConfete na boca\u201d. Ainda em 49, emplacam seu primeiro hit no carnaval, a marchinha \u201cJacarepagu\u00e1\u201d, de Marino Pinto, Paquito e Romeu Gentil, vencedora do concurso oficial da prefeitura carioca, realizado no Teatro Jo\u00e3o Caetano. Sua discografia inclui 49 discos em 78 rpm, gravados nos selos Odeon, Continental, Copacabana e Indisco, al\u00e9m de um compacto simples pela RGE, em 1966, com as m\u00fasicas \u201cHello, Dolly\u201d e \u201cT\u00f4 nesse bolo\u201d. Esse foi o \u00faltimo disco deles, pois o grupo se desfez logo em seguida por falta de espa\u00e7o na m\u00eddia, a exemplo de outros artistas contempor\u00e2neos deles. Neste primeiro volume, come\u00e7amos a desfrutar um pouco da arte dos Vocalistas Tropicais, em registros de sua primeira fase, na Odeon. De in\u00edcio, as m\u00fasicas do primeiro disco, j\u00e1 mencionadas aqui, \u201cPapai, mam\u00e3e, voc\u00ea e eu\u201d e \u201cT\u00e3o f\u00e1cil, t\u00e3o bom\u201d. Do segundo, de n\u00famero 12691, gravado em 21 de mar\u00e7o de 1946 e lan\u00e7ado em maio seguinte, o lado B, matriz 8011, outra composi\u00e7\u00e3o de Lauro Maia, o \u201cmiudinho\u201d \u201cTabuleiro d&#8217;areia\u201d. Do terceiro disco, de n\u00famero 12725, gravado em 6 de junho de 1946 e lan\u00e7ado em outubro seguinte, vem o lado B, matriz 8058, com o samba \u201cMotivos musicais\u201d, de Assis Valente e Alfredo de Proen\u00e7a. Do quarto disco, n\u00famero 12740, gravado em 24 de setembro de 1946 e lan\u00e7ado em novembro seguinte, vem o lado A, matriz 8104, com a marchinha \u201cIsto \u00e9 que \u00e9 amor\u201d, de Matos Neto e Valter Silva. Evidentemente, a m\u00fasica visava o carnaval de 1947, assim como a faixa seguinte, o samba \u201cHelena arrependida\u201d, de Aristides Silva e J. Dutra, grava\u00e7\u00e3o de 19 de setembro de 1946 lan\u00e7ada um m\u00eas antes da folia, janeiro, com o n\u00famero 12749-A, matriz 8096. Temos em seguida uma faixa hist\u00f3rica: &#8216;Tio Sam no samba\u201d, que foi a primeira composi\u00e7\u00e3o gravada de Z\u00e9 K\u00e9ti (Jos\u00e9 Flores de Jesus, 1921-1999), um dos futuros monstros sagrados da MPB com hits do porte de \u201cA voz do morro\u201d, \u201cDiz que fui por a\u00ed\u201d e \u201cM\u00e1scara negra\u201d. Neste seu \u201cdebut\u201d como autor, ele tyeve a parceria de Felisberto Martins, que ent\u00e3o era tamb\u00e9m diretor art\u00edstico da Odeon. Os Vocalistas o gravaram em 16 de julho de 1946, mas a \u201cmarca do templo\u201d s\u00f3 lan\u00e7ou a m\u00fasica em mar\u00e7o de 47, com o n\u00famero 12769-B, matriz 8074. Logo depois, as m\u00fasicas do oitavo disco do grupo, n\u00famero 12808, gravado em 2 de abril de 1947 e lan\u00e7ado em setembro seguinte, com dois sambas. Abrindo-o, matriz 8202, \u201cN\u00e3o manche o meu Panam\u00e1\u201d (alus\u00e3o a um tipo de chap\u00e9u em moda na \u00e9poca), de Alceb\u00edades Nogueira, e, no verso, matriz 8203, \u201cExalta\u00e7\u00e3o a Noel\u201d, de Waldemar Ressurrei\u00e7\u00e3o, como indica o t\u00edtulo, uma homenagem ao eterno Noel Rosa, morto prematuramente (26 anos) de tuberculose dez anos antes. Do nono disco dos Vocalistas, n\u00famero 12818, gravado em 25 de agosto de 1947 e lan\u00e7ado em novembro seguinte, vem o lado B, matriz 8257, apresentando o samba \u201cPerdoar nunca mais\u201d, de Wilson Goulart, \u00c1lvaro Xavier e Romeu Gentil, visando ao carnaval de 1948, assim como a faixa seguinte, a marchinha \u201cPach\u00e1\u201d, de Arn\u00f4 Canegal e J. Piedade, grava\u00e7\u00e3o de 8 de outubro de 1947 lan\u00e7ada um m\u00eas antes dos festejos momescos, janeiro, com o n\u00famero 12827-A, matriz 8278. Finalizando esta primeira parte, temos o samba \u201cApanhei do boogie woogie\u201d (refer\u00eancia a um ritmo musical americano em voga na \u00e9poca), de Luiz Guilherme e Walter Teixeira, grava\u00e7\u00e3o de 31 de mar\u00e7o de 1948 lan\u00e7ada em maio seguinte sob n\u00famero 12856-A, matriz 8345. Enfim, \u00e9 tudo que estamos apresentando para nossos amigos cultos e ocultos nesta primeira parte que o GRB dedica aos Vocalistas Tropicais. Aguardem que vem mais por a\u00ed! \u00a0 <\/p>\n<div><\/div>\n<div>* texto SAMUEL MACHADO FILHO<\/div>\n","protected":false},"excerpt":{"rendered":"<p>Em sua vig\u00e9sima-terceira edi\u00e7\u00e3o, o Grand Record Brazil apresenta a primeira parte de uma retrospectiva das mais expressivas grava\u00e7\u00f5es dos Vocalistas Tropicais. Grupo vocal e instrumental, formou-se em 1941 na capital do Cear\u00e1, Fortaleza, e teve in\u00fameras forma\u00e7\u00f5es at\u00e9 se &hellip; <a href=\"https:\/\/www.toque-musicall.com\/?p=50\">Continue lendo <span class=\"meta-nav\">&rarr;<\/span><\/a><\/p>\n","protected":false},"author":1,"featured_media":0,"comment_status":"open","ping_status":"closed","sticky":false,"template":"","format":"standard","meta":{"footnotes":""},"categories":[13,29],"tags":[],"class_list":["post-50","post","type-post","status-publish","format-standard","hentry","category-selo-grand-record-brazil","category-vocalistas-tropicais"],"_links":{"self":[{"href":"https:\/\/www.toque-musicall.com\/index.php?rest_route=\/wp\/v2\/posts\/50","targetHints":{"allow":["GET"]}}],"collection":[{"href":"https:\/\/www.toque-musicall.com\/index.php?rest_route=\/wp\/v2\/posts"}],"about":[{"href":"https:\/\/www.toque-musicall.com\/index.php?rest_route=\/wp\/v2\/types\/post"}],"author":[{"embeddable":true,"href":"https:\/\/www.toque-musicall.com\/index.php?rest_route=\/wp\/v2\/users\/1"}],"replies":[{"embeddable":true,"href":"https:\/\/www.toque-musicall.com\/index.php?rest_route=%2Fwp%2Fv2%2Fcomments&post=50"}],"version-history":[{"count":0,"href":"https:\/\/www.toque-musicall.com\/index.php?rest_route=\/wp\/v2\/posts\/50\/revisions"}],"wp:attachment":[{"href":"https:\/\/www.toque-musicall.com\/index.php?rest_route=%2Fwp%2Fv2%2Fmedia&parent=50"}],"wp:term":[{"taxonomy":"category","embeddable":true,"href":"https:\/\/www.toque-musicall.com\/index.php?rest_route=%2Fwp%2Fv2%2Fcategories&post=50"},{"taxonomy":"post_tag","embeddable":true,"href":"https:\/\/www.toque-musicall.com\/index.php?rest_route=%2Fwp%2Fv2%2Ftags&post=50"}],"curies":[{"name":"wp","href":"https:\/\/api.w.org\/{rel}","templated":true}]}}