{"id":501,"date":"2011-04-04T17:34:00","date_gmt":"2011-04-04T17:34:00","guid":{"rendered":"http:\/\/www.toque-musicall.com\/?p=501"},"modified":"2011-04-04T17:34:00","modified_gmt":"2011-04-04T17:34:00","slug":"geraldo-ribeiro-interpreta-garoto-1984","status":"publish","type":"post","link":"https:\/\/www.toque-musicall.com\/?p=501","title":{"rendered":"Geraldo Ribeiro &#8211; Interpreta Garoto (1984)"},"content":{"rendered":"<p><a href=\"http:\/\/4.bp.blogspot.com\/-9wOZ0L_aEE8\/TZoB2pABchI\/AAAAAAAAH5A\/HCyn3vMIW20\/s1600\/geraldo+P.JPG\"><img decoding=\"async\" style=\"display: block; margin: 0px auto 10px; text-align: center; cursor: pointer; width: 400px; height: 398px;\" src=\"http:\/\/4.bp.blogspot.com\/-9wOZ0L_aEE8\/TZoB2pABchI\/AAAAAAAAH5A\/HCyn3vMIW20\/s400\/geraldo+P.JPG\" alt=\"\" id=\"BLOGGER_PHOTO_ID_5591783925564404242\" border=\"0\" \/><\/a>Boa tarde, amigos cultos e ocultos! Segunda feira \u00e9 sempre aquele diazinho cheio. Cheio de coisas para fazer. Cheio de pregui\u00e7a para faz\u00ea-lo. Por sorte, ontem, eu j\u00e1 deixei alguma coisa preparada para a semana.<br \/>Para come\u00e7ar, que tal um bom disco de viol\u00e3o? Ta\u00ed um trabalho que ir\u00e1 agradar aos amantes do &#8216;pinho&#8217;. Vamos com Geraldo Ribeiro, um dos maiores violonista brasileiros, desses que s\u00f3 mesmo os entendidos conhecem, interpretando outro g\u00eanio, o lend\u00e1rio Garoto. Geraldo n\u00e3o \u00e9 um artista, ele \u00e9 um instrumentista, um m\u00fasico como poucos. Eu at\u00e9 pensei em escrever um pouco sobre ele, principalmente para aqueles que ainda n\u00e3o o conhecem, mas achei algo bem melhor e muito mais interessante. Por consequ\u00eancia da postagem, me lembrei de outro grande violonista brasileiro, da nova gera\u00e7\u00e3o, F\u00e1bio Zanon. Ele tinha (ou tem) um programa na R\u00e1dio Cultura de S\u00e3o Paulo, onde apresentava o melhor do viol\u00e3o cl\u00e1ssico. Para a nossa felicidade, ele abriu <a href=\"http:\/\/vcfz.blogspot.com\">um blog<\/a> e andou postando por l\u00e1 todos os arquivos de \u00e1udio desses programas. Uma maravilha que at\u00e9 eu tenho tamb\u00e9m copiado para a minha &#8216;fonoteca digital&#8217;. Entre esses, <a href=\"http:\/\/vcfz.blogspot.com\/2007\/11\/100-geraldo-ribeiro.html\">tem um exclusivo, dedicado ao Geraldo Ribeiro<\/a>, onde ele o entrevista e nos apresenta momentos raros e hist\u00f3ricos do concertista.<br \/>No \u00e1lbum dedicado \u00e0 Anibal Augusto Sardinha, o Garoto, ele toca 14 temas exatamente como o autor os deixou gravado. Respeitando rigorosamente originais, que at\u00e9 ent\u00e3o, sequer haviam sido editados. Temos entre essas faixas, duas que eu chamaria a aten\u00e7\u00e3o: a bel\u00edssima &#8220;Duas contas&#8221;, talvez a \u00fanica m\u00fasica com letra feita por Garoto. Aqui, Geraldo apresenta apenas a vers\u00e3o instrumental. Outra m\u00fasica que destaco \u00e9, sem d\u00favida, a melanc\u00f3lica &#8220;Gente Humilde&#8221;, na sua forma original, sem a letra de Chico e Vin\u00edcius.<br \/>Ent\u00e3o \u00e9 isso a\u00ed&#8230; um toque 100% de viol\u00e3o, como h\u00e1 muito vem sendo pedido. Confiram&#8230;<\/p>\n<div style=\"text-align: center;\">gente humilde<br \/>lamento do morro<br \/>debussyana<br \/>nosso choro<br \/>voltarei<br \/>um rosto de mulher<br \/>jorge do fusa<br \/>duas contas<br \/>quinze de julho<br \/>improviso<br \/>choro triste n. 2<br \/>medita\u00e7\u00e3o<br \/>naqueles velhos tempos<br \/>sinal dos tempos<\/p>\n<\/div>\n","protected":false},"excerpt":{"rendered":"<p>Boa tarde, amigos cultos e ocultos! Segunda feira \u00e9 sempre aquele diazinho cheio. Cheio de coisas para fazer. Cheio de pregui\u00e7a para faz\u00ea-lo. Por sorte, ontem, eu j\u00e1 deixei alguma coisa preparada para a semana.Para come\u00e7ar, que tal um bom &hellip; <a href=\"https:\/\/www.toque-musicall.com\/?p=501\">Continue lendo <span class=\"meta-nav\">&rarr;<\/span><\/a><\/p>\n","protected":false},"author":1,"featured_media":0,"comment_status":"open","ping_status":"closed","sticky":false,"template":"","format":"standard","meta":{"footnotes":""},"categories":[782,673],"tags":[],"class_list":["post-501","post","type-post","status-publish","format-standard","hentry","category-geraldo-ribeiro","category-selo-arlequim"],"_links":{"self":[{"href":"https:\/\/www.toque-musicall.com\/index.php?rest_route=\/wp\/v2\/posts\/501","targetHints":{"allow":["GET"]}}],"collection":[{"href":"https:\/\/www.toque-musicall.com\/index.php?rest_route=\/wp\/v2\/posts"}],"about":[{"href":"https:\/\/www.toque-musicall.com\/index.php?rest_route=\/wp\/v2\/types\/post"}],"author":[{"embeddable":true,"href":"https:\/\/www.toque-musicall.com\/index.php?rest_route=\/wp\/v2\/users\/1"}],"replies":[{"embeddable":true,"href":"https:\/\/www.toque-musicall.com\/index.php?rest_route=%2Fwp%2Fv2%2Fcomments&post=501"}],"version-history":[{"count":0,"href":"https:\/\/www.toque-musicall.com\/index.php?rest_route=\/wp\/v2\/posts\/501\/revisions"}],"wp:attachment":[{"href":"https:\/\/www.toque-musicall.com\/index.php?rest_route=%2Fwp%2Fv2%2Fmedia&parent=501"}],"wp:term":[{"taxonomy":"category","embeddable":true,"href":"https:\/\/www.toque-musicall.com\/index.php?rest_route=%2Fwp%2Fv2%2Fcategories&post=501"},{"taxonomy":"post_tag","embeddable":true,"href":"https:\/\/www.toque-musicall.com\/index.php?rest_route=%2Fwp%2Fv2%2Ftags&post=501"}],"curies":[{"name":"wp","href":"https:\/\/api.w.org\/{rel}","templated":true}]}}