{"id":502,"date":"2011-04-03T00:54:00","date_gmt":"2011-04-03T00:54:00","guid":{"rendered":"http:\/\/www.toque-musicall.com\/?p=502"},"modified":"2011-04-03T00:54:00","modified_gmt":"2011-04-03T00:54:00","slug":"coletanea-compactos-do-toque-musical-volume-1-2011","status":"publish","type":"post","link":"https:\/\/www.toque-musicall.com\/?p=502","title":{"rendered":"Colet\u00e2nea Compactos Do Toque Musical &#8211; Volume 1 (2011)"},"content":{"rendered":"<p><a href=\"http:\/\/2.bp.blogspot.com\/-R4BNxXMoF3I\/TZfFptJufrI\/AAAAAAAAH4g\/VAtsvB7ydnE\/s1600\/CApa+P.JPG\"><img decoding=\"async\" style=\"display:block; margin:0px auto 10px; text-align:center;cursor:pointer; cursor:hand;width: 400px; height: 400px;\" src=\"http:\/\/2.bp.blogspot.com\/-R4BNxXMoF3I\/TZfFptJufrI\/AAAAAAAAH4g\/VAtsvB7ydnE\/s400\/CApa+P.JPG\" border=\"0\" alt=\"\" id=\"BLOGGER_PHOTO_ID_5591154782689459890\" \/><\/a><a href=\"http:\/\/2.bp.blogspot.com\/-H8_SGEDCNxA\/TZfFjyzZ9wI\/AAAAAAAAH4Y\/TmTgglDEZ0U\/s1600\/discos.JPG\"><img decoding=\"async\" style=\"display:block; margin:0px auto 10px; text-align:center;cursor:pointer; cursor:hand;width: 400px; height: 378px;\" src=\"http:\/\/2.bp.blogspot.com\/-H8_SGEDCNxA\/TZfFjyzZ9wI\/AAAAAAAAH4Y\/TmTgglDEZ0U\/s400\/discos.JPG\" border=\"0\" alt=\"\" id=\"BLOGGER_PHOTO_ID_5591154681127237378\" \/><\/a>Boa noite, amigos cultos e ocultos! Hoje eu me atrasei devido a falta de energia  el\u00e9trica durante a tarde. Caiu um p\u00e9 d\u00e1gua por aqui, um verdadeiro vendaval. O  meu computador apagou justo na hora em que eu preparava uma capinha para a  colet\u00e2nea de hoje. Perdi tudo o que j\u00e1 tinha feito, da\u00ed resolvi criar outra  totalmente diferente. Para um trabalho de 10 minutos at\u00e9 que n\u00e3o ficou t\u00e3o mal  assim, n\u00e3o \u00e9 mesmo? Mas o que vai agradar mesmo \u00e9 o conte\u00fado dessa minha  sele\u00e7\u00e3o. Reuni aqui alguns compactos da melhor qualidade. Como voc\u00eas podem ver,  a colet\u00e2nea traz tamb\u00e9m algumas raridades, como \u00e9 comum em disquinhos compactos.  Temos, por exemplo um compacto duplo do Caetano Veloso, gravado em Londres, em  1971. Este disco \u00e9 realmente \u00f3timo e raro. Caetano gravou essas m\u00fasicas, com  certeza, pensando no carnaval que viria, de 1972. Temos ele aqui acompanhado por  Jards Macal\u00e9, Moacir Albuquerque, Tutti Moreno e \u00c1ureo de Souza. O mesmo time  que o acompanhou no \u00e1lbum &#8220;Transa&#8221;. No embalo do baiano, vamos tamb\u00e9m com as  m\u00fasicas um compacto de 1978, trazendo duas m\u00fasicas, trilhas dos filmes &#8220;Na boca  do mundo&#8221; e &#8220;A dama do lota\u00e7\u00e3o&#8221;. Outros compactos interessantes s\u00e3o os de Chico  Buarque, de 1967. Taiguara 1970, Abilio Manoel de 73, Gonzaguinha de 70 e 72,  Ivan Lins em seu primeiro sucesso, MPB 4 e Quarteto em Cy. Todos da melhor  safra, reunidos aqui como daquela outra vez. Compactos sempre fazem sucesso.  <\/p>\n<div>Xiii&#8230; O temporal voltou, com raios e trovoadas. Deixa eu finalizar a resenha,  vamos direto \u00e0 lista&#8230;<\/div>\n<div><\/div>\n<div style=\"text-align: center;\">chuva suor e cerveja &#8211; caetano veloso<\/div>\n<div style=\"text-align: center;\">a televis\u00e3o &#8211; chico buarque<\/div>\n<div style=\"text-align: center;\">carolina &#8211; chico buarque<\/div>\n<div style=\"text-align: center;\">salto de sapato &#8211; caetano veloso<\/div>\n<div style=\"text-align: center;\">la barca &#8211; caetano veloso<\/div>\n<div style=\"text-align: center;\">partido alto &#8211; mpb4<\/div>\n<div style=\"text-align: center;\">roda viva &#8211; chico buarque<\/div>\n<div style=\"text-align: center;\">badala\u00e7\u00e3o &#8211; mpb4<\/div>\n<div style=\"text-align: center;\">bar\u00e3o beleza &#8211; caetano veloso<\/div>\n<div style=\"text-align: center;\">expresso 2222 &#8211; mpb4<\/div>\n<div style=\"text-align: center;\">qual \u00e9 a baiana? &#8211; caetano veloso<\/div>\n<div style=\"text-align: center;\">\u00faltima forma &#8211; mpb4<\/div>\n<div style=\"text-align: center;\">um chorinho &#8211; chico buarque<\/div>\n<div style=\"text-align: center;\">amaralinda &#8211; quarteto em cy<\/div>\n<div style=\"text-align: center;\">bom dia, amigo &#8211; abilio manoel<\/div>\n<div style=\"text-align: center;\">um abra\u00e7o terno em voc\u00ea, viu m\u00e3e? &#8211; gonzaguinha<\/div>\n<div style=\"text-align: center;\">hoje &#8211; taiguara<\/div>\n<div style=\"text-align: center;\">o amor \u00e9 o meu pa\u00eds &#8211; ivan lins<\/div>\n<div style=\"text-align: center;\">pedro pedreiro &#8211; quarteto em cy<\/div>\n<div style=\"text-align: center;\">se eu fosse rei &#8211; abilio manoel<\/div>\n<div style=\"text-align: center;\">tributo \u00e0 jacob do bandolim &#8211; taiguara<\/div>\n<div style=\"text-align: center;\">um sorriso nos l\u00e1bios &#8211; gonzaguinha<\/div>\n<div style=\"text-align: center;\">pecado original &#8211; caetano veloso<\/div>\n<div style=\"text-align: center;\">voc\u00ea merece &#8211; gonzaguinha<\/div>\n<div style=\"text-align: center;\">amado amante &#8211; caetano veloso<\/div>\n<div style=\"text-align: center;\"><\/div>\n<div style=\"text-align: center;\"><\/div>\n","protected":false},"excerpt":{"rendered":"<p>Boa noite, amigos cultos e ocultos! Hoje eu me atrasei devido a falta de energia el\u00e9trica durante a tarde. Caiu um p\u00e9 d\u00e1gua por aqui, um verdadeiro vendaval. O meu computador apagou justo na hora em que eu preparava uma &hellip; <a href=\"https:\/\/www.toque-musicall.com\/?p=502\">Continue lendo <span class=\"meta-nav\">&rarr;<\/span><\/a><\/p>\n","protected":false},"author":1,"featured_media":0,"comment_status":"open","ping_status":"closed","sticky":false,"template":"","format":"standard","meta":{"footnotes":""},"categories":[785,180,136,408,148,784,768,51,50,783],"tags":[],"class_list":["post-502","post","type-post","status-publish","format-standard","hentry","category-abilio-manoel","category-bootleg","category-caetano-veloso","category-chico-buarque","category-coletanea-compactos-do-toque-musical","category-gonzaguinha","category-ivan-lins","category-mpb-4","category-quarteto-em-cy","category-taiguara"],"_links":{"self":[{"href":"https:\/\/www.toque-musicall.com\/index.php?rest_route=\/wp\/v2\/posts\/502","targetHints":{"allow":["GET"]}}],"collection":[{"href":"https:\/\/www.toque-musicall.com\/index.php?rest_route=\/wp\/v2\/posts"}],"about":[{"href":"https:\/\/www.toque-musicall.com\/index.php?rest_route=\/wp\/v2\/types\/post"}],"author":[{"embeddable":true,"href":"https:\/\/www.toque-musicall.com\/index.php?rest_route=\/wp\/v2\/users\/1"}],"replies":[{"embeddable":true,"href":"https:\/\/www.toque-musicall.com\/index.php?rest_route=%2Fwp%2Fv2%2Fcomments&post=502"}],"version-history":[{"count":0,"href":"https:\/\/www.toque-musicall.com\/index.php?rest_route=\/wp\/v2\/posts\/502\/revisions"}],"wp:attachment":[{"href":"https:\/\/www.toque-musicall.com\/index.php?rest_route=%2Fwp%2Fv2%2Fmedia&parent=502"}],"wp:term":[{"taxonomy":"category","embeddable":true,"href":"https:\/\/www.toque-musicall.com\/index.php?rest_route=%2Fwp%2Fv2%2Fcategories&post=502"},{"taxonomy":"post_tag","embeddable":true,"href":"https:\/\/www.toque-musicall.com\/index.php?rest_route=%2Fwp%2Fv2%2Ftags&post=502"}],"curies":[{"name":"wp","href":"https:\/\/api.w.org\/{rel}","templated":true}]}}