{"id":5025,"date":"2015-07-23T22:28:37","date_gmt":"2015-07-24T01:28:37","guid":{"rendered":"http:\/\/www.toque-musicall.com\/?p=5025"},"modified":"2015-07-24T18:31:30","modified_gmt":"2015-07-24T21:31:30","slug":"altamiro-carrilho-e-seu-conjunto-de-solistas-boleros-1958","status":"publish","type":"post","link":"https:\/\/www.toque-musicall.com\/?p=5025","title":{"rendered":"Altamiro Carrilho E Seu Conjunto De Solistas &#8211; Boleros (1958)"},"content":{"rendered":"<p><img loading=\"lazy\" decoding=\"async\" class=\"aligncenter\" alt=\"\" src=\"http:\/\/3.bp.blogspot.com\/-OUT8kL_ewfE\/VbIWqqnFBcI\/AAAAAAAALy4\/6rucgWUsxe8\/s640\/capap.JPG\" width=\"640\" height=\"629\" \/><img loading=\"lazy\" decoding=\"async\" class=\"aligncenter\" alt=\"\" src=\"http:\/\/1.bp.blogspot.com\/-0LCzehapHtM\/VbIWq7frKvI\/AAAAAAAALy8\/PhiSu4GBhrY\/s640\/contracapap.JPG\" width=\"640\" height=\"638\" \/>Ol\u00e1 amigos cultos e ocultos, boa noite! Pe\u00e7o desculpas a todos que nos acompanham, pelas pausas, as vezes t\u00e3o longa e sem postagens. Sei que muitos ainda visitam o TM diariamente e para esses, principalmente, que eu ainda continuo na ativa. Al\u00e9m do mais, este \u00e9 o m\u00eas de anivers\u00e1rio do Toque Musical. Estamos completando 8 anos! N\u00e3o vai ter festa, n\u00e3o vai ter bolo&#8230; Mas a m\u00fasica continua rolando, espa\u00e7ada ou n\u00e3o. Para ouvir ou para dan\u00e7ar.<br \/>\nSegue nesta noite um disco que eu acho \u00f3timo. Creio que j\u00e1 comentei aqui, adoro bolero e cha-cha-ch\u00e1 e \u00e9 nessa que n\u00f3s vamos hoje. Tenho para voc\u00eas este excelente lp do grande Altamiro Carrilho, safra dos anos 50. Coisa muito boa! Lan\u00e7ado originalmente em 1958 pela discos Copacabana, o \u00e1lbum trazia uma outra capa e se chamava &#8220;Boleros Em Desfile&#8221;. Foi relan\u00e7ado nas d\u00e9cadas de 60 pelo selo Som e nos 80 pelo selo Beverly. Nessas grava\u00e7\u00f5es Altamiro Carrilho vem acompanhado por outros grandes m\u00fasicos solistas, os quais eu n\u00e3o sei informar, pois n\u00e3o h\u00e1 registro de quem eram os instrumentistas. Por\u00e9m, pelo estilo de cada instrumento tocado a gente arrisca nomes como Moacyr Silva, Sivuca, Faf\u00e1 Lemos&#8230; Ser\u00e1? Ser\u00e3o? Vamos deixar essa hist\u00f3ria para o &#8220;Boleros Em Desfile N. 2, que \u00e9 a postagem que vir\u00e1 em seguida, na competente resenha do meu amigo Samuel Machado Filho. Ele com certeza deve saber quem eram os tais solistas que acompanham o Altamiro. Enquanto isso, o melhor \u00e9 mesmo saborear este repert\u00f3rio cheio de cl\u00e1ssico<a href=\"http:\/\/depositfiles.org\/files\/fxxmsnv05\" target=\"_blank\">s<\/a>&#8230;<\/p>\n<div style=\"text-align: center;\">perf\u00eddia<\/div>\n<div style=\"text-align: center;\">dos almas<\/div>\n<div style=\"text-align: center;\">nas horas de sonho<\/div>\n<div style=\"text-align: center;\">ang\u00fastia<\/div>\n<div style=\"text-align: center;\">nunca jam\u00e1s<\/div>\n<div style=\"text-align: center;\">contigo en la distancia<\/div>\n<div style=\"text-align: center;\">vereda tropical<\/div>\n<div style=\"text-align: center;\">pecadora<\/div>\n<div style=\"text-align: center;\">sinceridad<\/div>\n<div style=\"text-align: center;\">historia de un amor<\/div>\n<div style=\"text-align: center;\">pecado<\/div>\n<div style=\"text-align: center;\"><\/div>\n<div style=\"text-align: center;\">.<\/div>\n","protected":false},"excerpt":{"rendered":"<p>Ol\u00e1 amigos cultos e ocultos, boa noite! Pe\u00e7o desculpas a todos que nos acompanham, pelas pausas, as vezes t\u00e3o longa e sem postagens. Sei que muitos ainda visitam o TM diariamente e para esses, principalmente, que eu ainda continuo na &hellip; <a href=\"https:\/\/www.toque-musicall.com\/?p=5025\">Continue lendo <span class=\"meta-nav\">&rarr;<\/span><\/a><\/p>\n","protected":false},"author":1,"featured_media":0,"comment_status":"open","ping_status":"closed","sticky":false,"template":"","format":"standard","meta":{"footnotes":""},"categories":[213,55],"tags":[],"class_list":["post-5025","post","type-post","status-publish","format-standard","hentry","category-altamiro-carrilho","category-selo-beverly"],"_links":{"self":[{"href":"https:\/\/www.toque-musicall.com\/index.php?rest_route=\/wp\/v2\/posts\/5025","targetHints":{"allow":["GET"]}}],"collection":[{"href":"https:\/\/www.toque-musicall.com\/index.php?rest_route=\/wp\/v2\/posts"}],"about":[{"href":"https:\/\/www.toque-musicall.com\/index.php?rest_route=\/wp\/v2\/types\/post"}],"author":[{"embeddable":true,"href":"https:\/\/www.toque-musicall.com\/index.php?rest_route=\/wp\/v2\/users\/1"}],"replies":[{"embeddable":true,"href":"https:\/\/www.toque-musicall.com\/index.php?rest_route=%2Fwp%2Fv2%2Fcomments&post=5025"}],"version-history":[{"count":1,"href":"https:\/\/www.toque-musicall.com\/index.php?rest_route=\/wp\/v2\/posts\/5025\/revisions"}],"predecessor-version":[{"id":5026,"href":"https:\/\/www.toque-musicall.com\/index.php?rest_route=\/wp\/v2\/posts\/5025\/revisions\/5026"}],"wp:attachment":[{"href":"https:\/\/www.toque-musicall.com\/index.php?rest_route=%2Fwp%2Fv2%2Fmedia&parent=5025"}],"wp:term":[{"taxonomy":"category","embeddable":true,"href":"https:\/\/www.toque-musicall.com\/index.php?rest_route=%2Fwp%2Fv2%2Fcategories&post=5025"},{"taxonomy":"post_tag","embeddable":true,"href":"https:\/\/www.toque-musicall.com\/index.php?rest_route=%2Fwp%2Fv2%2Ftags&post=5025"}],"curies":[{"name":"wp","href":"https:\/\/api.w.org\/{rel}","templated":true}]}}