{"id":5030,"date":"2015-07-24T16:57:02","date_gmt":"2015-07-24T19:57:02","guid":{"rendered":"http:\/\/www.toque-musicall.com\/?p=5030"},"modified":"2020-12-08T08:52:50","modified_gmt":"2020-12-08T11:52:50","slug":"paulinho-nogueira-mais-sambas-de-ontem-e-de-hoje-1963","status":"publish","type":"post","link":"https:\/\/www.toque-musicall.com\/?p=5030","title":{"rendered":"Paulinho Nogueira &#8211; Mais Sambas De Ontem E De Hoje (1963)"},"content":{"rendered":"<p><img loading=\"lazy\" decoding=\"async\" class=\"aligncenter\" alt=\"\" src=\"http:\/\/2.bp.blogspot.com\/-sic0uJRUxgQ\/VbLeXu5Xv1I\/AAAAAAAALzg\/aoa947B7vbY\/s640\/capap.JPG\" width=\"633\" height=\"640\" \/><img loading=\"lazy\" decoding=\"async\" class=\"aligncenter\" alt=\"\" src=\"http:\/\/4.bp.blogspot.com\/-Yi9fLypfde4\/VbLeYL4zbLI\/AAAAAAAALzk\/aGO14_gunuk\/s640\/contrap.JPG\" width=\"634\" height=\"640\" \/>Ol\u00e1 amigos cultos e ocultos! A postagem de hoje estava reservada para o &#8220;Boleros em desfile N. 2&#8221;, do Altamiro Carrilho, conforme eu havia anunciado. Por\u00e9m, nosso resenhista colaborador est\u00e1 de f\u00e9rias e eu \u00e9 que n\u00e3o vou tirar o sossego do rapaz. Vamos aguardar o seu retorno. Logo ele vem com o Altamiro, &#8216;bolerando&#8217; um pouco mais. \ud83d\ude42<br \/>\nAproveitando ent\u00e3o a &#8216;deixa&#8217;, vamos para um outro disco. Sa\u00edmos do bolero e ca\u00edmos nos samba. No samba e na bossa do samba. Temos aqui o quarto lp de sambas do violinista Paulinho Nogueira, lan\u00e7ado pelo selo RGE. Este talvez seja um dos melhores lps da s\u00e9rie, trazendo um repert\u00f3rio totalmente escolhido pelo artista, dando a ele total liberdade de interpreta\u00e7\u00e3o. O \u00e1lbum traz, como diz o pr\u00f3prio t\u00edtulo, &#8216;mais sambas de ontem e de hoje&#8217;, ou seja, uma continua\u00e7\u00e3o de um repert\u00f3rio de sambas antigos e sambas modernos, na \u00e9poca, o novo samba bossa. H\u00e1 ainda espa\u00e7o para suas composi\u00e7\u00f5es autorais. Hoje, todos s\u00e3o cl\u00e1ssicos. E este disco \u00e9 tamb\u00e9m um cl\u00e1ssico. N\u00e3o deixem de conferi<a href=\"http:\/\/depositfiles.org\/files\/anhtufckg\" target=\"_blank\" rel=\"noopener noreferrer\">r<\/a>&#8230;<\/p>\n<div style=\"text-align: center;\">na cad\u00eancia do samba<\/div>\n<div style=\"text-align: center;\">o coelho<\/div>\n<div style=\"text-align: center;\">o pato<\/div>\n<div style=\"text-align: center;\">foi ela<\/div>\n<div style=\"text-align: center;\">quando o menino crescer<\/div>\n<div style=\"text-align: center;\">favela<\/div>\n<div style=\"text-align: center;\">contracanto<\/div>\n<div style=\"text-align: center;\">samba em prel\u00fadio<\/div>\n<div style=\"text-align: center;\">a mesma rosa amarela<\/div>\n<div style=\"text-align: center;\">garota de ipanema<\/div>\n<div style=\"text-align: center;\">desafinado<\/div>\n<div style=\"text-align: center;\">viol\u00e3o chamando<\/div>\n<div style=\"text-align: center;\"><\/div>\n<div style=\"text-align: center;\">.<\/div>\n<p style=\"text-align: center;\">\n","protected":false},"excerpt":{"rendered":"<p>Ol\u00e1 amigos cultos e ocultos! A postagem de hoje estava reservada para o &#8220;Boleros em desfile N. 2&#8221;, do Altamiro Carrilho, conforme eu havia anunciado. Por\u00e9m, nosso resenhista colaborador est\u00e1 de f\u00e9rias e eu \u00e9 que n\u00e3o vou tirar o &hellip; <a href=\"https:\/\/www.toque-musicall.com\/?p=5030\">Continue lendo <span class=\"meta-nav\">&rarr;<\/span><\/a><\/p>\n","protected":false},"author":1,"featured_media":0,"comment_status":"open","ping_status":"closed","sticky":false,"template":"","format":"standard","meta":{"footnotes":""},"categories":[410,153],"tags":[3160,3091],"class_list":["post-5030","post","type-post","status-publish","format-standard","hentry","category-paulinho-nogueira","category-selo-rge","tag-paulinho-nogueira","tag-selo-rge"],"_links":{"self":[{"href":"https:\/\/www.toque-musicall.com\/index.php?rest_route=\/wp\/v2\/posts\/5030","targetHints":{"allow":["GET"]}}],"collection":[{"href":"https:\/\/www.toque-musicall.com\/index.php?rest_route=\/wp\/v2\/posts"}],"about":[{"href":"https:\/\/www.toque-musicall.com\/index.php?rest_route=\/wp\/v2\/types\/post"}],"author":[{"embeddable":true,"href":"https:\/\/www.toque-musicall.com\/index.php?rest_route=\/wp\/v2\/users\/1"}],"replies":[{"embeddable":true,"href":"https:\/\/www.toque-musicall.com\/index.php?rest_route=%2Fwp%2Fv2%2Fcomments&post=5030"}],"version-history":[{"count":2,"href":"https:\/\/www.toque-musicall.com\/index.php?rest_route=\/wp\/v2\/posts\/5030\/revisions"}],"predecessor-version":[{"id":8025,"href":"https:\/\/www.toque-musicall.com\/index.php?rest_route=\/wp\/v2\/posts\/5030\/revisions\/8025"}],"wp:attachment":[{"href":"https:\/\/www.toque-musicall.com\/index.php?rest_route=%2Fwp%2Fv2%2Fmedia&parent=5030"}],"wp:term":[{"taxonomy":"category","embeddable":true,"href":"https:\/\/www.toque-musicall.com\/index.php?rest_route=%2Fwp%2Fv2%2Fcategories&post=5030"},{"taxonomy":"post_tag","embeddable":true,"href":"https:\/\/www.toque-musicall.com\/index.php?rest_route=%2Fwp%2Fv2%2Ftags&post=5030"}],"curies":[{"name":"wp","href":"https:\/\/api.w.org\/{rel}","templated":true}]}}