{"id":5034,"date":"2015-07-27T18:52:34","date_gmt":"2015-07-27T21:52:34","guid":{"rendered":"http:\/\/www.toque-musicall.com\/?p=5034"},"modified":"2015-07-28T20:24:24","modified_gmt":"2015-07-28T23:24:24","slug":"altamiro-carrilho-boleros-em-desfile-n-2-1959","status":"publish","type":"post","link":"https:\/\/www.toque-musicall.com\/?p=5034","title":{"rendered":"Altamiro Carrilho &#8211; Boleros Em Desfile N. 2 (1959)"},"content":{"rendered":"<p><img loading=\"lazy\" decoding=\"async\" class=\"aligncenter\" alt=\"\" src=\"http:\/\/2.bp.blogspot.com\/-REeBR6wFLSw\/Vbf3f0_sNII\/AAAAAAAAL08\/YJgss8EVaQo\/s640\/capap.JPG\" width=\"640\" height=\"622\" \/><img loading=\"lazy\" decoding=\"async\" class=\"aligncenter\" alt=\"\" src=\"http:\/\/3.bp.blogspot.com\/-E3auK32LYrA\/Vbf3gGtdu9I\/AAAAAAAAL1A\/s2zXHgGtTw8\/s640\/cotnra%2Bp.JPG\" width=\"640\" height=\"640\" \/>Ol\u00e1, amigos cultos, ocultos e associados! Hoje o TM apresenta a voc\u00eas o segundo volume de \u201cBoleros em desfile\u201d, com o not\u00e1vel flautista e maestro Altamiro Carrilho (Santo Ant\u00f4nio de P\u00e1dua, RJ, 21\/12\/1924-Rio de Janeiro, 15\/8\/2012) e seu misterioso \u201cconjunto de solistas\u201d. O primeiro volume, que j\u00e1 lhes oferecemos, saiu em 1958. E, j\u00e1 naquela ocasi\u00e3o, a Copacabana n\u00e3o revelou nem mesmo quem seriam os tais solistas recrutados por mestre Altamiro para gravar o \u00e1lbum, e estes n\u00e3o foram listados nem mesmo na contracapa da edi\u00e7\u00e3o original, que inclusive traz uma caricatura do mestre da flauta, feita por Mendez, e cedida pela revista \u201cRadiol\u00e2ndia\u201d. \u00a0Segundo o texto, o primeiro \u201cBoleros em desfile\u201d, lan\u00e7ado pela ent\u00e3o \u201cmarca do caramujo\u201d como parte de uma s\u00e9rie chamada \u201cSelo de ouro\u201d, iniciada pouco antes com o LP \u201cQuando os astros se encontram\u201d, de \u00c2ngela Maria e Waldyr Calmon, tinha o objetivo de acrescentar\u00a0 \u201cnovas cores e tonalidades\u201d\u00a0 nas grava\u00e7\u00f5es de \u00e1lbuns ditos \u201cdan\u00e7antes\u201d, produzidos em grande escala na \u00e9poca, e ideais para animar festas de fam\u00edlia e sal\u00f5es dan\u00e7antes que n\u00e3o possu\u00edam m\u00fasica ao vivo,\u00a0 portanto, produtos de retorno garantido nessa ocasi\u00e3o. Valem inclusive os palpites feitos pelo amigo Augusto na resenha do primeiro volume, Sivuca, Moacyr Silva, Faf\u00e1 Lemos etc.<\/p>\n<div>Eis na \u00edntegra o texto de contracapa da edi\u00e7\u00e3o original deste segundo \u201cBoleros em desfile\u201d , de fins de 1959, de autor desconhecido:<\/div>\n<div><i>\u201cAltamiro Carrilho volta ao sal\u00e3o de dan\u00e7as com os seus \u2018Boleros em desfile n.o 2\u2019. J\u00e1 esper\u00e1vamos o sucesso do primeiro volume. As caracter\u00edsticas modernas da apresenta\u00e7\u00e3o, a sele\u00e7\u00e3o de m\u00fasicas e m\u00fasicos, o jeito novo de tocar os velhos sucessos, tudo fazia prever a aceita\u00e7\u00e3o expressiva por parte do p\u00fablico. Novo e cuidadoso desfile foi ent\u00e3o organizado. Doze boleros que fizeram a del\u00edcia de nossas festas voltam aos sal\u00f5es, no sopro, nas cordas e na batida espetacular do moderno conjunto de Altamiro Carrilho. Cada pequeno trecho desses boleros tem um solista. Muito maior se torna a fixa\u00e7\u00e3o das melodias. Mais colorido. Mais vibrante. Com originalidade. Com gosto. H\u00e1 uma nova forma, um sentido novo de valoriza\u00e7\u00e3o dos temas. \u2018Boleros em desfile n.o 2\u2019 \u00e9, antes de mais nada, um desfile de m\u00fasicas de classe, um desfile de instrumenta\u00e7\u00e3o nova, um desfile de trechos musicais que se unem, e formam um todo espl\u00eandido, conduzidos cada qual com acento e caracter\u00edsticas pr\u00f3prias\u201d.<\/i><\/div>\n<div>Como se percebe, nem mesmo neste segundo volume o mist\u00e9rio dos solistas que o gravaram sob a batuta de mestre Altamiro foi desfeito. Afora isso, o repert\u00f3rio \u00e9 realmente de extremo bom gosto, trazendo cl\u00e1ssicos desse g\u00eanero que os brasileiros\u00a0 sempre prestigiaram. Predominam hits internacionais (\u201cCachito\u201d, \u2018Que murmuren\u201d, \u201cQuien ser\u00e1\u201d, \u201cHipocrita\u201d, \u201cFrenesi\u201d, \u201cPerfume de gardenia\u201detc.).\u00a0 Mas h\u00e1 tamb\u00e9m um sucesso nacional do g\u00eanero, \u201cJamais te esquecerei\u201d, do violonista Ant\u00f4nio Rago, que apareceu em vers\u00e3o apenas instrumental , em 1947, e um ano depois recebeu letra de seu primo, Juracy Rago, ficando o registro cantado por conta de N\u00e9lson Novaes. Mist\u00e9rio \u00e0 parte, vale a pena curtir mais este volume de \u201cBoleros em desfile\u201d, que Altamiro Carrilho e seus solistas an\u00f4nimos nos ofereceram. D\u00e1-me o prazer desta contradan\u00e7<a href=\"http:\/\/depositfiles.org\/files\/ulzg9vas2\" target=\"_blank\">a<\/a>?<\/div>\n<div><\/div>\n<div style=\"text-align: center;\">hip\u00f3crita<\/div>\n<div style=\"text-align: center;\">quem ser\u00e1<\/div>\n<div style=\"text-align: center;\">cachito<\/div>\n<div style=\"text-align: center;\">que murmurem<\/div>\n<div style=\"text-align: center;\">aquellos ojos verdes<\/div>\n<div style=\"text-align: center;\">frenesi<\/div>\n<div style=\"text-align: center;\">perfume de gard\u00eania<\/div>\n<div style=\"text-align: center;\">desamparada<\/div>\n<div style=\"text-align: center;\">camino verde<\/div>\n<div style=\"text-align: center;\">jamais te esquecerei<\/div>\n<div style=\"text-align: center;\">nosotros<\/div>\n<div style=\"text-align: center;\">donde estar\u00e1 mi vida<\/div>\n<div><\/div>\n<div>* Texto de SAMUEL MACHADO FILHO<\/div>\n<p>&nbsp;<\/p>\n","protected":false},"excerpt":{"rendered":"<p>Ol\u00e1, amigos cultos, ocultos e associados! Hoje o TM apresenta a voc\u00eas o segundo volume de \u201cBoleros em desfile\u201d, com o not\u00e1vel flautista e maestro Altamiro Carrilho (Santo Ant\u00f4nio de P\u00e1dua, RJ, 21\/12\/1924-Rio de Janeiro, 15\/8\/2012) e seu misterioso \u201cconjunto &hellip; <a href=\"https:\/\/www.toque-musicall.com\/?p=5034\">Continue lendo <span class=\"meta-nav\">&rarr;<\/span><\/a><\/p>\n","protected":false},"author":1,"featured_media":0,"comment_status":"open","ping_status":"closed","sticky":false,"template":"","format":"standard","meta":{"footnotes":""},"categories":[213,55],"tags":[],"class_list":["post-5034","post","type-post","status-publish","format-standard","hentry","category-altamiro-carrilho","category-selo-beverly"],"_links":{"self":[{"href":"https:\/\/www.toque-musicall.com\/index.php?rest_route=\/wp\/v2\/posts\/5034","targetHints":{"allow":["GET"]}}],"collection":[{"href":"https:\/\/www.toque-musicall.com\/index.php?rest_route=\/wp\/v2\/posts"}],"about":[{"href":"https:\/\/www.toque-musicall.com\/index.php?rest_route=\/wp\/v2\/types\/post"}],"author":[{"embeddable":true,"href":"https:\/\/www.toque-musicall.com\/index.php?rest_route=\/wp\/v2\/users\/1"}],"replies":[{"embeddable":true,"href":"https:\/\/www.toque-musicall.com\/index.php?rest_route=%2Fwp%2Fv2%2Fcomments&post=5034"}],"version-history":[{"count":2,"href":"https:\/\/www.toque-musicall.com\/index.php?rest_route=\/wp\/v2\/posts\/5034\/revisions"}],"predecessor-version":[{"id":5036,"href":"https:\/\/www.toque-musicall.com\/index.php?rest_route=\/wp\/v2\/posts\/5034\/revisions\/5036"}],"wp:attachment":[{"href":"https:\/\/www.toque-musicall.com\/index.php?rest_route=%2Fwp%2Fv2%2Fmedia&parent=5034"}],"wp:term":[{"taxonomy":"category","embeddable":true,"href":"https:\/\/www.toque-musicall.com\/index.php?rest_route=%2Fwp%2Fv2%2Fcategories&post=5034"},{"taxonomy":"post_tag","embeddable":true,"href":"https:\/\/www.toque-musicall.com\/index.php?rest_route=%2Fwp%2Fv2%2Ftags&post=5034"}],"curies":[{"name":"wp","href":"https:\/\/api.w.org\/{rel}","templated":true}]}}