{"id":504,"date":"2011-03-31T09:43:00","date_gmt":"2011-03-31T09:43:00","guid":{"rendered":"http:\/\/www.toque-musicall.com\/?p=504"},"modified":"2011-03-31T09:43:00","modified_gmt":"2011-03-31T09:43:00","slug":"ely-camargo-cancoes-de-minha-terra-vol-2-1963","status":"publish","type":"post","link":"https:\/\/www.toque-musicall.com\/?p=504","title":{"rendered":"Ely Camargo &#8211; Can\u00e7\u00f5es De Minha Terra Vol. 2 (1963)"},"content":{"rendered":"<p><a href=\"http:\/\/1.bp.blogspot.com\/-0raogAKDylQ\/TZRPJlBkK7I\/AAAAAAAAH3o\/xUpjUkmIuqg\/s1600\/ely+vol+2+P.JPG\"><img decoding=\"async\" style=\"display:block; margin:0px auto 10px; text-align:center;cursor:pointer; cursor:hand;width: 400px; height: 399px;\" src=\"http:\/\/1.bp.blogspot.com\/-0raogAKDylQ\/TZRPJlBkK7I\/AAAAAAAAH3o\/xUpjUkmIuqg\/s400\/ely+vol+2+P.JPG\" border=\"0\" alt=\"\" id=\"BLOGGER_PHOTO_ID_5590180063449721778\" \/><\/a><\/p>\n<div>Bom dia a todos! Rapidinho, aqui vai mais um disco da Ely Camargo, da s\u00e9rie &#8220;Can\u00e7\u00f5es de Minha Terra&#8221;, lan\u00e7ada nos anos 60. Temos desta vez o Volume 2, para fazer crescer ainda mais  a discografia da artista no nosso Toque Musical. Como voc\u00eas j\u00e1 devem ter percebido, eu sou f\u00e3 da Ely. \u00c9 por isso que eu empenho tanto em estar sempre lembrando o seu nome, atrav\u00e9s de seus discos maravilhosos.<\/p>\n<div>Como todos j\u00e1 devem saber, Ely Camargo \u00e9 goiana e neste segundo volume, dedicado \u00e0 terra natal, vamos encontrar 15 can\u00e7\u00f5es regionais, espec\u00edfica do centro oeste, exclusivamente de autores goianos. S\u00e3o ritmos dos mais variados como modinhas, toadas, valsas, folia e outros, que necessariamente tamb\u00e9m passam por outras regi\u00f5es brasileiras.<\/div>\n<div>\n<div>O que eu gosto nessa artista, al\u00e9m do seu pr\u00f3prio talento, s\u00e3o as suas escolhas musicais, o rumo que ela segue, buscando sempre nos trazer obras raras, de qualidade e fundamentalmente importantes para a cultura regional brasileira. Confiram a\u00ed mais uma de suas j\u00f3ias musicais.<\/div>\n<div><\/div>\n<div style=\"text-align: center;\">noites goianas<\/div>\n<div style=\"text-align: center;\">j\u00e1 fui carreiro<\/div>\n<div style=\"text-align: center;\">voc\u00ea est\u00e1 ficando diferente<\/div>\n<div style=\"text-align: center;\">danado de b\u00e3o<\/div>\n<div style=\"text-align: center;\">trovinhas<\/div>\n<div style=\"text-align: center;\">preg\u00f5es de goi\u00e1z<\/div>\n<div style=\"text-align: center;\">saudade<\/div>\n<div style=\"text-align: center;\">anita<\/div>\n<div style=\"text-align: center;\">ai moreninho<\/div>\n<div style=\"text-align: center;\">nossa senhora da guia<\/div>\n<div style=\"text-align: center;\">lembran\u00e7as de goi\u00e1s<\/div>\n<div style=\"text-align: center;\">balada goiana<\/div>\n<div style=\"text-align: center;\">veneno<\/div>\n<div style=\"text-align: center;\">aruan\u00e3<\/div>\n<div style=\"text-align: center;\">meu ci\u00fame<\/div>\n<div style=\"text-align: center;\"><\/div>\n<div style=\"text-align: center;\"><\/div>\n<\/div>\n<\/div>\n","protected":false},"excerpt":{"rendered":"<p>Bom dia a todos! Rapidinho, aqui vai mais um disco da Ely Camargo, da s\u00e9rie &#8220;Can\u00e7\u00f5es de Minha Terra&#8221;, lan\u00e7ada nos anos 60. Temos desta vez o Volume 2, para fazer crescer ainda mais a discografia da artista no nosso &hellip; <a href=\"https:\/\/www.toque-musicall.com\/?p=504\">Continue lendo <span class=\"meta-nav\">&rarr;<\/span><\/a><\/p>\n","protected":false},"author":1,"featured_media":0,"comment_status":"open","ping_status":"closed","sticky":false,"template":"","format":"standard","meta":{"footnotes":""},"categories":[787,217],"tags":[],"class_list":["post-504","post","type-post","status-publish","format-standard","hentry","category-ely-camargo","category-selo-chantecler"],"_links":{"self":[{"href":"https:\/\/www.toque-musicall.com\/index.php?rest_route=\/wp\/v2\/posts\/504","targetHints":{"allow":["GET"]}}],"collection":[{"href":"https:\/\/www.toque-musicall.com\/index.php?rest_route=\/wp\/v2\/posts"}],"about":[{"href":"https:\/\/www.toque-musicall.com\/index.php?rest_route=\/wp\/v2\/types\/post"}],"author":[{"embeddable":true,"href":"https:\/\/www.toque-musicall.com\/index.php?rest_route=\/wp\/v2\/users\/1"}],"replies":[{"embeddable":true,"href":"https:\/\/www.toque-musicall.com\/index.php?rest_route=%2Fwp%2Fv2%2Fcomments&post=504"}],"version-history":[{"count":0,"href":"https:\/\/www.toque-musicall.com\/index.php?rest_route=\/wp\/v2\/posts\/504\/revisions"}],"wp:attachment":[{"href":"https:\/\/www.toque-musicall.com\/index.php?rest_route=%2Fwp%2Fv2%2Fmedia&parent=504"}],"wp:term":[{"taxonomy":"category","embeddable":true,"href":"https:\/\/www.toque-musicall.com\/index.php?rest_route=%2Fwp%2Fv2%2Fcategories&post=504"},{"taxonomy":"post_tag","embeddable":true,"href":"https:\/\/www.toque-musicall.com\/index.php?rest_route=%2Fwp%2Fv2%2Ftags&post=504"}],"curies":[{"name":"wp","href":"https:\/\/api.w.org\/{rel}","templated":true}]}}