{"id":5042,"date":"2015-07-29T21:52:48","date_gmt":"2015-07-30T00:52:48","guid":{"rendered":"http:\/\/www.toque-musicall.com\/?p=5042"},"modified":"2015-07-30T07:46:32","modified_gmt":"2015-07-30T10:46:32","slug":"celso-murilo-sambas-na-passarela-1961","status":"publish","type":"post","link":"https:\/\/www.toque-musicall.com\/?p=5042","title":{"rendered":"Celso Murilo &#8211; Sambas Na Passarela (1961)"},"content":{"rendered":"<p><img loading=\"lazy\" decoding=\"async\" class=\"aligncenter\" alt=\"\" src=\"http:\/\/2.bp.blogspot.com\/-GkU0tA3V4ms\/Vbl7Z40-w3I\/AAAAAAAAL2Q\/gjeH1fvWcaE\/s640\/capap.JPG\" width=\"640\" height=\"627\" \/><img loading=\"lazy\" decoding=\"async\" class=\"aligncenter\" alt=\"\" src=\"http:\/\/1.bp.blogspot.com\/-Xlh_a3VLWos\/Vbl7XSHyhlI\/AAAAAAAAL2I\/KLn_WvG3NTY\/s640\/contra.jpg\" width=\"633\" height=\"640\" \/>Ol\u00e1 amigos cultos e ocultos! Amanh\u00e3 o Toque Musical estar\u00e1 completando 8 anos de postagens. Desta vez n\u00e3o vai ter bolo e nem festa, mas a m\u00fasica continua. Com a maturidade chegando, a gente come\u00e7a a deixar a vaidade de lado. E o encanto que era celebrar mais uma data, hoje \u00e9 s\u00f3 uma lembran\u00e7a.<br \/>\nPara hoje temos este disco bem legal do organista mineiro, Celso Murilo. Ao que entendi, este foi seu disco de estr\u00e9ia. Um lp recheado de bons sambas, em interpreta\u00e7\u00f5es das mais simp\u00e1ticas.<br \/>\nCuriosamente, hoje em dia n\u00e3o se ouve mais falar neste artista. Parece que ele resolveu sair do mapa, do cen\u00e1rio musical. N\u00e3o h\u00e1 registros dele a partir dos anos 70. Descobri que Celso est\u00e1 vivo e mora em sua cidade natal, Baepenti, em Minas Gerais. E pensar que ele j\u00e1 esteve ao lado de outros grandes artistas, chegando inclusive a ser convidado para morar e tocar nos &#8216;States&#8217; , acompanhando Jo\u00e3o Gilberto e Astrud. O &#8216;mineir\u00e3o&#8217;, como era chamado por Jo\u00e3o Gilberto, vacilou&#8230; Ainda muito novo, recusou o convite. Ficou por aqui, gravou diversos discos, fez l\u00e1 a sua fama, mas depois se recolheu. Seus discos s\u00f3 voltaram a tona gra\u00e7as a a\u00e7\u00e3o de blogs de m\u00fasica, como o Toque Musica<a href=\"http:\/\/depositfiles.org\/files\/udeglul6p\" target=\"_blank\">l<\/a>.<\/p>\n<div style=\"text-align: center;\">boato<\/div>\n<div style=\"text-align: center;\">atire a primeira pedra<\/div>\n<div style=\"text-align: center;\">murm\u00fario<\/div>\n<div style=\"text-align: center;\">jarro da saudade<\/div>\n<div style=\"text-align: center;\">samba triste<\/div>\n<div style=\"text-align: center;\">samba na passarela<\/div>\n<div style=\"text-align: center;\">guarde a sand\u00e1lia dela<\/div>\n<div style=\"text-align: center;\">volta<\/div>\n<div style=\"text-align: center;\">dizem por a\u00ed<\/div>\n<div style=\"text-align: center;\">fica comigo<\/div>\n<div style=\"text-align: center;\">a fonte secou<\/div>\n<div style=\"text-align: center;\">zel\u00e3o<\/div>\n<div style=\"text-align: center;\"><\/div>\n<div style=\"text-align: center;\"><\/div>\n<div style=\"text-align: center;\"><\/div>\n","protected":false},"excerpt":{"rendered":"<p>Ol\u00e1 amigos cultos e ocultos! Amanh\u00e3 o Toque Musical estar\u00e1 completando 8 anos de postagens. Desta vez n\u00e3o vai ter bolo e nem festa, mas a m\u00fasica continua. Com a maturidade chegando, a gente come\u00e7a a deixar a vaidade de &hellip; <a href=\"https:\/\/www.toque-musicall.com\/?p=5042\">Continue lendo <span class=\"meta-nav\">&rarr;<\/span><\/a><\/p>\n","protected":false},"author":1,"featured_media":0,"comment_status":"open","ping_status":"closed","sticky":false,"template":"","format":"standard","meta":{"footnotes":""},"categories":[1152,1991],"tags":[],"class_list":["post-5042","post","type-post","status-publish","format-standard","hentry","category-celso-murilo","category-selo-pawal"],"_links":{"self":[{"href":"https:\/\/www.toque-musicall.com\/index.php?rest_route=\/wp\/v2\/posts\/5042","targetHints":{"allow":["GET"]}}],"collection":[{"href":"https:\/\/www.toque-musicall.com\/index.php?rest_route=\/wp\/v2\/posts"}],"about":[{"href":"https:\/\/www.toque-musicall.com\/index.php?rest_route=\/wp\/v2\/types\/post"}],"author":[{"embeddable":true,"href":"https:\/\/www.toque-musicall.com\/index.php?rest_route=\/wp\/v2\/users\/1"}],"replies":[{"embeddable":true,"href":"https:\/\/www.toque-musicall.com\/index.php?rest_route=%2Fwp%2Fv2%2Fcomments&post=5042"}],"version-history":[{"count":1,"href":"https:\/\/www.toque-musicall.com\/index.php?rest_route=\/wp\/v2\/posts\/5042\/revisions"}],"predecessor-version":[{"id":5043,"href":"https:\/\/www.toque-musicall.com\/index.php?rest_route=\/wp\/v2\/posts\/5042\/revisions\/5043"}],"wp:attachment":[{"href":"https:\/\/www.toque-musicall.com\/index.php?rest_route=%2Fwp%2Fv2%2Fmedia&parent=5042"}],"wp:term":[{"taxonomy":"category","embeddable":true,"href":"https:\/\/www.toque-musicall.com\/index.php?rest_route=%2Fwp%2Fv2%2Fcategories&post=5042"},{"taxonomy":"post_tag","embeddable":true,"href":"https:\/\/www.toque-musicall.com\/index.php?rest_route=%2Fwp%2Fv2%2Ftags&post=5042"}],"curies":[{"name":"wp","href":"https:\/\/api.w.org\/{rel}","templated":true}]}}