{"id":5070,"date":"2015-08-12T20:31:43","date_gmt":"2015-08-12T23:31:43","guid":{"rendered":"http:\/\/www.toque-musicall.com\/?p=5070"},"modified":"2015-08-12T20:31:43","modified_gmt":"2015-08-12T23:31:43","slug":"tibor-e-sua-orquestra-1974","status":"publish","type":"post","link":"https:\/\/www.toque-musicall.com\/?p=5070","title":{"rendered":"Tibor E Sua Orquestra (1974)"},"content":{"rendered":"<p><img loading=\"lazy\" decoding=\"async\" class=\"aligncenter\" alt=\"\" src=\"http:\/\/4.bp.blogspot.com\/-D9IUkghr3i4\/Vcu-R2U9u2I\/AAAAAAAAL7s\/IIjaXKxS4hU\/s640\/capap.JPG\" width=\"640\" height=\"640\" \/><img loading=\"lazy\" decoding=\"async\" class=\"aligncenter\" alt=\"\" src=\"http:\/\/2.bp.blogspot.com\/-zlhIu3fFefM\/Vcu-R36hxbI\/AAAAAAAAL7w\/eTfHerxoKaw\/s640\/contrap.JPG\" width=\"640\" height=\"636\" \/>O Toque Musical j\u00e1 havia oferecido a seus amigos cultos, ocultos e associados um \u00e1lbum com a orquestra do maestro e arranjador Tibor Reisner (1920-1996), h\u00fangaro que se radicou no Brasil, gravado possivelmente em 1966, como brinde de fim-de-ano do fabricante das pilhas Ray-O-Vac\u00a0 (\u201cas amarelinhas, t\u00e1?\u201d). \u00a0Nessa resenha, inclusive, s\u00e3o apresentados dados biogr\u00e1ficos sobre ele, que preferi n\u00e3o repetir aqui. Pois bem, agora o maestro Tibor e sua orquestra\u00a0 est\u00e3o de volta, em mais um \u00e1lbum promocional gravado por sua empresa PAT (Produ\u00e7\u00f5es Art\u00edsticas Tibor).\u00a0 A cliente, desta vez, foi a tradicional empresa Capelinha Ind\u00fastria e Com\u00e9rcio Ltda., fabricante de tax\u00edmetros para autom\u00f3veis, celebrando a produ\u00e7\u00e3o de sua unidade de n\u00famero 100.000, em 1974.\u00a0 \u00c9 um trabalho que segue a linha dan\u00e7ante desse tipo de disco, afinal era uma ocasi\u00e3o festiva, de comemora\u00e7\u00e3o. Como de h\u00e1bito, temas autorais do maestro se misturam a hits como \u201cMoon over Napoli\u201d (Bert Kaempfert), \u201cEu s\u00f3 quero um xod\u00f3\u201d (Dominguinhos-Anast\u00e1cia) e \u201cLa morena de mi copla\u201d (Villegas-Castellano), visando agradar a todo tipo de p\u00fablico ent\u00e3o existente.\u00a0 Muitos devem at\u00e9 se lembrar desse tax\u00edmetro que aparece na capa, ainda hoje usado em alguns t\u00e1xis que a gente pega por a\u00ed, mas que se tornou monstro pr\u00e9-hist\u00f3rico diante dos que s\u00e3o atualmente fabricados. \u00a0A pr\u00f3pria Capelinha, por certo, n\u00e3o existe mais, seriamente atingida pelos vai-e-vens da famigerada economia brasileira. De qualquer forma, o que interessa aqui \u00e9 ouvirmos e dan\u00e7armos ao som da orquestra do saudoso Tibor Reisner. Que comece la fiest<a href=\"http:\/\/depositfiles.com\/files\/4c4122bg4\" target=\"_blank\">a<\/a>!<\/p>\n<div>*Texto de Samuel Machado Filho<\/div>\n<div><\/div>\n<div style=\"text-align: center;\">moon over napoli<\/div>\n<div style=\"text-align: center;\">foreve and ever<\/div>\n<div style=\"text-align: center;\">balada para o meu amor<\/div>\n<div style=\"text-align: center;\">eu s\u00f3 quero um xod\u00f3<\/div>\n<div style=\"text-align: center;\">meu amor foi viajar<\/div>\n<div style=\"text-align: center;\">la trompeta de espa\u00f1a<\/div>\n<div style=\"text-align: center;\">bluhende rosen<\/div>\n<div style=\"text-align: center;\">a bier war jetzt recht<\/div>\n<div style=\"text-align: center;\">wenn engel reisen<\/div>\n<div style=\"text-align: center;\">wenn der mensch verliebt ist<\/div>\n<div style=\"text-align: center;\">markgrafen stein landler<\/div>\n<div style=\"text-align: center;\">la morena de mi copla<\/div>\n<div><\/div>\n<div>.<\/div>\n<p>&nbsp;<\/p>\n","protected":false},"excerpt":{"rendered":"<p>O Toque Musical j\u00e1 havia oferecido a seus amigos cultos, ocultos e associados um \u00e1lbum com a orquestra do maestro e arranjador Tibor Reisner (1920-1996), h\u00fangaro que se radicou no Brasil, gravado possivelmente em 1966, como brinde de fim-de-ano do &hellip; <a href=\"https:\/\/www.toque-musicall.com\/?p=5070\">Continue lendo <span class=\"meta-nav\">&rarr;<\/span><\/a><\/p>\n","protected":false},"author":1,"featured_media":0,"comment_status":"open","ping_status":"closed","sticky":false,"template":"","format":"standard","meta":{"footnotes":""},"categories":[25,1183],"tags":[],"class_list":["post-5070","post","type-post","status-publish","format-standard","hentry","category-selo-independente","category-tibor-reisner"],"_links":{"self":[{"href":"https:\/\/www.toque-musicall.com\/index.php?rest_route=\/wp\/v2\/posts\/5070","targetHints":{"allow":["GET"]}}],"collection":[{"href":"https:\/\/www.toque-musicall.com\/index.php?rest_route=\/wp\/v2\/posts"}],"about":[{"href":"https:\/\/www.toque-musicall.com\/index.php?rest_route=\/wp\/v2\/types\/post"}],"author":[{"embeddable":true,"href":"https:\/\/www.toque-musicall.com\/index.php?rest_route=\/wp\/v2\/users\/1"}],"replies":[{"embeddable":true,"href":"https:\/\/www.toque-musicall.com\/index.php?rest_route=%2Fwp%2Fv2%2Fcomments&post=5070"}],"version-history":[{"count":1,"href":"https:\/\/www.toque-musicall.com\/index.php?rest_route=\/wp\/v2\/posts\/5070\/revisions"}],"predecessor-version":[{"id":5071,"href":"https:\/\/www.toque-musicall.com\/index.php?rest_route=\/wp\/v2\/posts\/5070\/revisions\/5071"}],"wp:attachment":[{"href":"https:\/\/www.toque-musicall.com\/index.php?rest_route=%2Fwp%2Fv2%2Fmedia&parent=5070"}],"wp:term":[{"taxonomy":"category","embeddable":true,"href":"https:\/\/www.toque-musicall.com\/index.php?rest_route=%2Fwp%2Fv2%2Fcategories&post=5070"},{"taxonomy":"post_tag","embeddable":true,"href":"https:\/\/www.toque-musicall.com\/index.php?rest_route=%2Fwp%2Fv2%2Ftags&post=5070"}],"curies":[{"name":"wp","href":"https:\/\/api.w.org\/{rel}","templated":true}]}}