{"id":5078,"date":"2015-08-16T19:40:29","date_gmt":"2015-08-16T22:40:29","guid":{"rendered":"http:\/\/www.toque-musicall.com\/?p=5078"},"modified":"2015-08-17T07:22:31","modified_gmt":"2015-08-17T10:22:31","slug":"brazil-song-sound-the-world-around-1976","status":"publish","type":"post","link":"https:\/\/www.toque-musicall.com\/?p=5078","title":{"rendered":"Brazil &#8211; Song &#038; Sound The World Around (1976)"},"content":{"rendered":"<p><img loading=\"lazy\" decoding=\"async\" class=\"aligncenter\" alt=\"\" src=\"http:\/\/1.bp.blogspot.com\/-B4RC99iPEq8\/VdEIIiN5H3I\/AAAAAAAAL9E\/4c4zHY9lBZA\/s640\/capap.JPG\" width=\"640\" height=\"634\" \/><img loading=\"lazy\" decoding=\"async\" class=\"aligncenter\" alt=\"\" src=\"http:\/\/2.bp.blogspot.com\/-9g_uq9E1wP4\/VdEILP8gLYI\/AAAAAAAAL9M\/1xV3rNdSG3s\/s640\/contrap.JPG\" width=\"637\" height=\"640\" \/>Boa noite, amigos cultos e ocultos! Trago hoje para voc\u00eas uma colet\u00e2nea de MPB produzida pela Philips holandesa para o mercado europeu, em 1976. Este disco, pelo que tudo indica, faz parte de uma s\u00e9rie intitulada &#8220;Song &amp; Sound The World Around&#8221;, um mostru\u00e1rio da m\u00fasica de v\u00e1rios pa\u00edses pelo mundo. Obviamente, material de arquivo da pr\u00f3pria gravadora nesses diferentes pa\u00edses.<br \/>\nPara esta sele\u00e7\u00e3o &#8216;Brazil&#8217;, vamos encontrar artistas como Tom Jobim, Jorge Ben, MPB-4, Ivan Lins, Nara Le\u00e3o, Gilberto Gil, Elis Regina, Jair Rodrigues, Baden Powell e Carlos Lyra em grava\u00e7\u00f5es extra\u00eddas de discos dos primeiros anos da d\u00e9cada de 70. Inclui-se nessa sele\u00e7\u00e3o outras grava\u00e7\u00f5es, essas dos anos 60. Eis um disquinho interessante, recheado de sambas, que \u00e9 o forte e o que realmente interessa os gringo<a href=\"http:\/\/depositfiles.com\/files\/k1rsq5xfx\" target=\"_blank\">s<\/a>.<\/p>\n<div style=\"text-align: center;\">o mundo encantado do monteiro lobato &#8211; jair rodrigues<\/div>\n<div style=\"text-align: center;\">part6ido alto &#8211; mpb-4<\/div>\n<div style=\"text-align: center;\">apito na batucada &#8211; escola de samba da cidade<\/div>\n<div style=\"text-align: center;\">nordeste, seu povo, seu canto e sua gente &#8211; nara le\u00e3o<\/div>\n<div style=\"text-align: center;\">afrolatino &#8211; carlos lyra<\/div>\n<div style=\"text-align: center;\">nh\u00e1 tereza &#8211; ivan lins<\/div>\n<div style=\"text-align: center;\">paz amor e alegria &#8211; acad\u00eamicos do salgueiro<\/div>\n<div style=\"text-align: center;\">expresso 2222 &#8211; gilberto gil<\/div>\n<div style=\"text-align: center;\">caramba galileu da galil\u00e9ia &#8211; jorge ben<\/div>\n<div style=\"text-align: center;\">bala com bala &#8211; lis regina<\/div>\n<div style=\"text-align: center;\">petit waltz &#8211; baden powell<\/div>\n<div style=\"text-align: center;\">aguas de mar\u00e7o &#8211; tom jobim<\/div>\n<div style=\"text-align: center;\"><\/div>\n<div style=\"text-align: center;\">.<\/div>\n<div style=\"text-align: center;\"><\/div>\n","protected":false},"excerpt":{"rendered":"<p>Boa noite, amigos cultos e ocultos! Trago hoje para voc\u00eas uma colet\u00e2nea de MPB produzida pela Philips holandesa para o mercado europeu, em 1976. Este disco, pelo que tudo indica, faz parte de uma s\u00e9rie intitulada &#8220;Song &amp; Sound The &hellip; <a href=\"https:\/\/www.toque-musicall.com\/?p=5078\">Continue lendo <span class=\"meta-nav\">&rarr;<\/span><\/a><\/p>\n","protected":false},"author":1,"featured_media":0,"comment_status":"open","ping_status":"closed","sticky":false,"template":"","format":"standard","meta":{"footnotes":""},"categories":[135,391,588,64,52,45,768,51,288,48],"tags":[],"class_list":["post-5078","post","type-post","status-publish","format-standard","hentry","category-antonio-carlos-jobim","category-baden-powell","category-carlos-lyra","category-coletanea","category-elis-regina","category-gilberto-gil","category-ivan-lins","category-mpb-4","category-nara-leao","category-selo-philips"],"_links":{"self":[{"href":"https:\/\/www.toque-musicall.com\/index.php?rest_route=\/wp\/v2\/posts\/5078","targetHints":{"allow":["GET"]}}],"collection":[{"href":"https:\/\/www.toque-musicall.com\/index.php?rest_route=\/wp\/v2\/posts"}],"about":[{"href":"https:\/\/www.toque-musicall.com\/index.php?rest_route=\/wp\/v2\/types\/post"}],"author":[{"embeddable":true,"href":"https:\/\/www.toque-musicall.com\/index.php?rest_route=\/wp\/v2\/users\/1"}],"replies":[{"embeddable":true,"href":"https:\/\/www.toque-musicall.com\/index.php?rest_route=%2Fwp%2Fv2%2Fcomments&post=5078"}],"version-history":[{"count":2,"href":"https:\/\/www.toque-musicall.com\/index.php?rest_route=\/wp\/v2\/posts\/5078\/revisions"}],"predecessor-version":[{"id":5080,"href":"https:\/\/www.toque-musicall.com\/index.php?rest_route=\/wp\/v2\/posts\/5078\/revisions\/5080"}],"wp:attachment":[{"href":"https:\/\/www.toque-musicall.com\/index.php?rest_route=%2Fwp%2Fv2%2Fmedia&parent=5078"}],"wp:term":[{"taxonomy":"category","embeddable":true,"href":"https:\/\/www.toque-musicall.com\/index.php?rest_route=%2Fwp%2Fv2%2Fcategories&post=5078"},{"taxonomy":"post_tag","embeddable":true,"href":"https:\/\/www.toque-musicall.com\/index.php?rest_route=%2Fwp%2Fv2%2Ftags&post=5078"}],"curies":[{"name":"wp","href":"https:\/\/api.w.org\/{rel}","templated":true}]}}